{"id":21789,"date":"2025-05-09T18:25:36","date_gmt":"2025-05-09T21:25:36","guid":{"rendered":"https:\/\/modelo.criativeweb.com.br\/sindigru\/sindigru-intensifica-presenca-na-latam-e-lanca-campanha-de-associacao-para-fortalecer-a-voz-dos-aeroviarios\/"},"modified":"2025-05-09T18:25:36","modified_gmt":"2025-05-09T21:25:36","slug":"sindigru-intensifica-presenca-na-latam-e-lanca-campanha-de-associacao-para-fortalecer-a-voz-dos-aeroviarios","status":"publish","type":"post","link":"https:\/\/modelo.criativeweb.com.br\/sindigru\/sindigru-intensifica-presenca-na-latam-e-lanca-campanha-de-associacao-para-fortalecer-a-voz-dos-aeroviarios\/","title":{"rendered":"SINDIGRU INTENSIFICA PRESEN\u00c7A NA LATAM E LAN\u00c7A CAMPANHA DE ASSOCIA\u00c7\u00c3O PARA FORTALECER A VOZ DOS AEROVI\u00c1RIOS"},"content":{"rendered":"<p>No dia 9 de maio, o SINDIGRU esteve em a\u00e7\u00e3o junto aos trabalhadores da carga dom\u00e9stica da Latam com um objetivo claro: mostrar que sindicato forte \u00e9 aquele que est\u00e1 presente, lado a lado com a categoria. A atividade refor\u00e7ou o compromisso da entidade com a valoriza\u00e7\u00e3o profissional e lan\u00e7ou oficialmente a nova campanha de associa\u00e7\u00e3o sindical.<\/p>\n<p>A equipe do sindicato levou informa\u00e7\u00e3o direta sobre o novo Acordo Coletivo de Trabalho (ACT), prestou atendimento personalizado e apresentou uma s\u00e9rie de parcerias exclusivas, que garantem benef\u00edcios reais aos trabalhadores associados.<\/p>\n<p>Mais do que um ato institucional, essa presen\u00e7a \u00e9 uma afirma\u00e7\u00e3o: o SINDIGRU est\u00e1 na linha de frente, ouvindo, acolhendo e agindo em defesa dos direitos de cada aerovi\u00e1rio.<\/p>\n<p>Com a nova campanha de associa\u00e7\u00e3o, o sindicato convida todos os profissionais a assumirem o protagonismo da luta coletiva. Ser s\u00f3cio \u00e9 dar for\u00e7a \u00e0 negocia\u00e7\u00e3o, ampliar a representatividade e garantir conquistas que beneficiam a todos.<\/p>\n<p>O SINDIGRU deixa um recado direto e sem rodeios: sozinho, o trabalhador enfrenta. Juntos, vencemos. E vencer, nesse cen\u00e1rio desafiador, significa ter um sindicato atuante, combativo e comprometido com resultados concretos.<\/p>\n<p>A hora \u00e9 agora. Fortale\u00e7a quem te representa. Associe-se ao SINDIGRU.<\/p>\n<p><img fetchpriority=\"high\" decoding=\"async\" class=\"alignnone size-medium wp-image-11556\" src=\"https:\/\/modelo.criativeweb.com.br\/sindigru\/wp-content\/uploads\/2025\/05\/WhatsApp-Image-2025-05-09-at-17.44.23-1-225x300.jpeg\" alt=\"\" width=\"225\" height=\"300\" \/> <img decoding=\"async\" class=\"alignnone size-medium wp-image-11557\" src=\"https:\/\/modelo.criativeweb.com.br\/sindigru\/wp-content\/uploads\/2025\/05\/WhatsApp-Image-2025-05-09-at-17.44.23-2-225x300.jpeg\" alt=\"\" width=\"225\" height=\"300\" \/> <img decoding=\"async\" class=\"alignnone size-medium wp-image-11558\" src=\"https:\/\/modelo.criativeweb.com.br\/sindigru\/wp-content\/uploads\/2025\/05\/WhatsApp-Image-2025-05-09-at-17.44.23-169x300.jpeg\" alt=\"\" width=\"169\" height=\"300\" \/> <img loading=\"lazy\" decoding=\"async\" class=\"alignnone size-medium wp-image-11559\" src=\"https:\/\/modelo.criativeweb.com.br\/sindigru\/wp-content\/uploads\/2025\/05\/WhatsApp-Image-2025-05-09-at-17.44.24-1-300x300.jpeg\" alt=\"\" width=\"300\" height=\"300\" \/> <img loading=\"lazy\" decoding=\"async\" class=\"alignnone size-medium wp-image-11561\" src=\"https:\/\/modelo.criativeweb.com.br\/sindigru\/wp-content\/uploads\/2025\/05\/WhatsApp-Image-2025-05-09-at-17.44.24-3-300x300.jpeg\" alt=\"\" width=\"300\" height=\"300\" \/> \u00a0<img loading=\"lazy\" decoding=\"async\" class=\"alignnone size-medium wp-image-11564\" src=\"https:\/\/modelo.criativeweb.com.br\/sindigru\/wp-content\/uploads\/2025\/05\/WhatsApp-Image-2025-05-09-at-17.44.25-1-300x300.jpeg\" alt=\"\" width=\"300\" height=\"300\" \/> <img loading=\"lazy\" decoding=\"async\" class=\"alignnone size-medium wp-image-11565\" src=\"https:\/\/modelo.criativeweb.com.br\/sindigru\/wp-content\/uploads\/2025\/05\/WhatsApp-Image-2025-05-09-at-17.44.25-225x300.jpeg\" alt=\"\" width=\"225\" height=\"300\" \/> <img loading=\"lazy\" decoding=\"async\" class=\"alignnone size-medium wp-image-11563\" src=\"https:\/\/modelo.criativeweb.com.br\/sindigru\/wp-content\/uploads\/2025\/05\/WhatsApp-Image-2025-05-09-at-17.44.24-300x135.jpeg\" alt=\"\" width=\"300\" height=\"135\" \/><\/p>\n<p><img loading=\"lazy\" decoding=\"async\" class=\"alignnone size-medium wp-image-11581\" src=\"https:\/\/modelo.criativeweb.com.br\/sindigru\/wp-content\/uploads\/2025\/05\/WhatsApp-Image-2025-05-09-at-22.28.39-169x300.jpeg\" alt=\"\" width=\"169\" height=\"300\" \/> <img loading=\"lazy\" decoding=\"async\" class=\"alignnone size-medium wp-image-11580\" src=\"https:\/\/modelo.criativeweb.com.br\/sindigru\/wp-content\/uploads\/2025\/05\/WhatsApp-Image-2025-05-09-at-22.28.39-1-169x300.jpeg\" alt=\"\" width=\"169\" height=\"300\" \/> <img loading=\"lazy\" decoding=\"async\" class=\"alignnone size-medium wp-image-11579\" src=\"https:\/\/modelo.criativeweb.com.br\/sindigru\/wp-content\/uploads\/2025\/05\/WhatsApp-Image-2025-05-09-at-22.28.39-2-169x300.jpeg\" alt=\"\" width=\"169\" height=\"300\" \/> <img loading=\"lazy\" decoding=\"async\" class=\"alignnone size-medium wp-image-11578\" src=\"https:\/\/modelo.criativeweb.com.br\/sindigru\/wp-content\/uploads\/2025\/05\/WhatsApp-Image-2025-05-09-at-22.28.38-169x300.jpeg\" alt=\"\" width=\"169\" height=\"300\" \/> <img loading=\"lazy\" decoding=\"async\" class=\"alignnone size-medium wp-image-11577\" src=\"https:\/\/modelo.criativeweb.com.br\/sindigru\/wp-content\/uploads\/2025\/05\/WhatsApp-Image-2025-05-09-at-22.26.52-225x300.jpeg\" alt=\"\" width=\"225\" height=\"300\" \/> <img loading=\"lazy\" decoding=\"async\" class=\"alignnone size-medium wp-image-11572\" src=\"https:\/\/modelo.criativeweb.com.br\/sindigru\/wp-content\/uploads\/2025\/05\/WhatsApp-Image-2025-05-09-at-22.26.50-225x300.jpeg\" alt=\"\" width=\"225\" height=\"300\" \/> <img loading=\"lazy\" decoding=\"async\" class=\"alignnone size-medium wp-image-11573\" src=\"https:\/\/modelo.criativeweb.com.br\/sindigru\/wp-content\/uploads\/2025\/05\/WhatsApp-Image-2025-05-09-at-22.26.51-2-225x300.jpeg\" alt=\"\" width=\"225\" height=\"300\" \/> <img loading=\"lazy\" decoding=\"async\" class=\"alignnone size-medium wp-image-11574\" src=\"https:\/\/modelo.criativeweb.com.br\/sindigru\/wp-content\/uploads\/2025\/05\/WhatsApp-Image-2025-05-09-at-22.26.51-1-225x300.jpeg\" alt=\"\" width=\"225\" height=\"300\" \/> <img loading=\"lazy\" decoding=\"async\" class=\"alignnone size-medium wp-image-11575\" src=\"https:\/\/modelo.criativeweb.com.br\/sindigru\/wp-content\/uploads\/2025\/05\/WhatsApp-Image-2025-05-09-at-22.26.51-225x300.jpeg\" alt=\"\" width=\"225\" height=\"300\" \/> <img loading=\"lazy\" decoding=\"async\" class=\"alignnone size-medium wp-image-11576\" src=\"https:\/\/modelo.criativeweb.com.br\/sindigru\/wp-content\/uploads\/2025\/05\/WhatsApp-Image-2025-05-09-at-22.26.52-1-225x300.jpeg\" alt=\"\" width=\"225\" height=\"300\" \/> <img loading=\"lazy\" decoding=\"async\" class=\"alignnone size-medium wp-image-11571\" src=\"https:\/\/modelo.criativeweb.com.br\/sindigru\/wp-content\/uploads\/2025\/05\/WhatsApp-Image-2025-05-09-at-22.26.50-1-225x300.jpeg\" alt=\"\" width=\"225\" height=\"300\" \/> <img loading=\"lazy\" decoding=\"async\" class=\"alignnone size-medium wp-image-11570\" src=\"https:\/\/modelo.criativeweb.com.br\/sindigru\/wp-content\/uploads\/2025\/05\/WhatsApp-Image-2025-05-09-at-20.55.21-225x300.jpeg\" alt=\"\" width=\"225\" height=\"300\" \/> <img loading=\"lazy\" decoding=\"async\" class=\"alignnone size-medium wp-image-11569\" src=\"https:\/\/modelo.criativeweb.com.br\/sindigru\/wp-content\/uploads\/2025\/05\/WhatsApp-Image-2025-05-09-at-20.55.20-225x300.jpeg\" alt=\"\" width=\"225\" height=\"300\" \/> <img loading=\"lazy\" decoding=\"async\" class=\"alignnone size-medium wp-image-11568\" src=\"https:\/\/modelo.criativeweb.com.br\/sindigru\/wp-content\/uploads\/2025\/05\/WhatsApp-Image-2025-05-09-at-20.55.20-2-300x300.jpeg\" alt=\"\" width=\"300\" height=\"300\" \/><\/p>\n<div class=\"gsp_post_data\" \r\n\t            data-post_type=\"post\" \r\n\t            data-cat=\"noticias\" \r\n\t            data-modified=\"120\"\r\n\t            data-created=\"1746815136\"\r\n\t            data-title=\"SINDIGRU INTENSIFICA PRESEN\u00c7A NA LATAM E LAN\u00c7A CAMPANHA DE ASSOCIA\u00c7\u00c3O PARA FORTALECER A VOZ DOS AEROVI\u00c1RIOS\" \r\n\t            data-home=\"https:\/\/modelo.criativeweb.com.br\/sindigru\"><\/div>","protected":false},"excerpt":{"rendered":"<p>No dia 9 de maio, o SINDIGRU esteve em a\u00e7\u00e3o junto aos trabalhadores da carga dom\u00e9stica da Latam com um [&hellip;]<\/p>\n","protected":false},"author":10,"featured_media":0,"comment_status":"open","ping_status":"open","sticky":false,"template":"","format":"standard","meta":{"site-sidebar-layout":"default","site-content-layout":"","ast-site-content-layout":"default","site-content-style":"default","site-sidebar-style":"default","ast-global-header-display":"","ast-banner-title-visibility":"","ast-main-header-display":"","ast-hfb-above-header-display":"","ast-hfb-below-header-display":"","ast-hfb-mobile-header-display":"","site-post-title":"","ast-breadcrumbs-content":"","ast-featured-img":"","footer-sml-layout":"","ast-disable-related-posts":"","theme-transparent-header-meta":"","adv-header-id-meta":"","stick-header-meta":"","header-above-stick-meta":"","header-main-stick-meta":"","header-below-stick-meta":"","astra-migrate-meta-layouts":"default","ast-page-background-enabled":"default","ast-page-background-meta":{"desktop":{"background-color":"var(--ast-global-color-5)","background-image":"","background-repeat":"repeat","background-position":"center center","background-size":"auto","background-attachment":"scroll","background-type":"","background-media":"","overlay-type":"","overlay-color":"","overlay-opacity":"","overlay-gradient":""},"tablet":{"background-color":"","background-image":"","background-repeat":"repeat","background-position":"center center","background-size":"auto","background-attachment":"scroll","background-type":"","background-media":"","overlay-type":"","overlay-color":"","overlay-opacity":"","overlay-gradient":""},"mobile":{"background-color":"","background-image":"","background-repeat":"repeat","background-position":"center center","background-size":"auto","background-attachment":"scroll","background-type":"","background-media":"","overlay-type":"","overlay-color":"","overlay-opacity":"","overlay-gradient":""}},"ast-content-background-meta":{"desktop":{"background-color":"var(--ast-global-color-4)","background-image":"","background-repeat":"repeat","background-position":"center center","background-size":"auto","background-attachment":"scroll","background-type":"","background-media":"","overlay-type":"","overlay-color":"","overlay-opacity":"","overlay-gradient":""},"tablet":{"background-color":"var(--ast-global-color-4)","background-image":"","background-repeat":"repeat","background-position":"center center","background-size":"auto","background-attachment":"scroll","background-type":"","background-media":"","overlay-type":"","overlay-color":"","overlay-opacity":"","overlay-gradient":""},"mobile":{"background-color":"var(--ast-global-color-4)","background-image":"","background-repeat":"repeat","background-position":"center center","background-size":"auto","background-attachment":"scroll","background-type":"","background-media":"","overlay-type":"","overlay-color":"","overlay-opacity":"","overlay-gradient":""}},"_joinchat":[],"footnotes":"","_links_to":"","_links_to_target":""},"categories":[3329],"tags":[],"class_list":["post-21789","post","type-post","status-publish","format-standard","hentry","category-noticias"],"yoast_head":"<!-- This site is optimized with the Yoast SEO plugin v27.5 - https:\/\/yoast.com\/product\/yoast-seo-wordpress\/ -->\n<title>SINDIGRU INTENSIFICA PRESEN\u00c7A NA LATAM E LAN\u00c7A CAMPANHA DE ASSOCIA\u00c7\u00c3O PARA FORTALECER A VOZ DOS AEROVI\u00c1RIOS - SINDIGRU<\/title>\n<meta name=\"robots\" content=\"index, follow, max-snippet:-1, max-image-preview:large, max-video-preview:-1\" \/>\n<link rel=\"canonical\" href=\"https:\/\/modelo.criativeweb.com.br\/sindigru\/sindigru-intensifica-presenca-na-latam-e-lanca-campanha-de-associacao-para-fortalecer-a-voz-dos-aeroviarios\/\" \/>\n<meta property=\"og:locale\" content=\"pt_BR\" \/>\n<meta property=\"og:type\" content=\"article\" \/>\n<meta property=\"og:title\" content=\"SINDIGRU INTENSIFICA PRESEN\u00c7A NA LATAM E LAN\u00c7A CAMPANHA DE ASSOCIA\u00c7\u00c3O PARA FORTALECER A VOZ DOS AEROVI\u00c1RIOS - SINDIGRU\" \/>\n<meta property=\"og:description\" content=\"No dia 9 de maio, o SINDIGRU esteve em a\u00e7\u00e3o junto aos trabalhadores da carga dom\u00e9stica da Latam com um [&hellip;]\" \/>\n<meta property=\"og:url\" content=\"https:\/\/modelo.criativeweb.com.br\/sindigru\/sindigru-intensifica-presenca-na-latam-e-lanca-campanha-de-associacao-para-fortalecer-a-voz-dos-aeroviarios\/\" \/>\n<meta property=\"og:site_name\" content=\"SINDIGRU\" \/>\n<meta property=\"article:publisher\" content=\"https:\/\/www.facebook.com\/sindigru\" \/>\n<meta property=\"article:published_time\" content=\"2025-05-09T21:25:36+00:00\" \/>\n<meta name=\"author\" content=\"Roberto\" \/>\n<meta name=\"twitter:card\" content=\"summary_large_image\" \/>\n<meta name=\"twitter:creator\" content=\"@sindigru\" \/>\n<meta name=\"twitter:site\" content=\"@sindigru\" \/>\n<meta name=\"twitter:label1\" content=\"Escrito por\" \/>\n\t<meta name=\"twitter:data1\" content=\"Roberto\" \/>\n\t<meta name=\"twitter:label2\" content=\"Est. tempo de leitura\" \/>\n\t<meta name=\"twitter:data2\" content=\"6 minutos\" \/>\n<script type=\"application\/ld+json\" class=\"yoast-schema-graph\">{\"@context\":\"https:\\\/\\\/schema.org\",\"@graph\":[{\"@type\":\"Article\",\"@id\":\"https:\\\/\\\/modelo.criativeweb.com.br\\\/sindigru\\\/sindigru-intensifica-presenca-na-latam-e-lanca-campanha-de-associacao-para-fortalecer-a-voz-dos-aeroviarios\\\/#article\",\"isPartOf\":{\"@id\":\"https:\\\/\\\/modelo.criativeweb.com.br\\\/sindigru\\\/sindigru-intensifica-presenca-na-latam-e-lanca-campanha-de-associacao-para-fortalecer-a-voz-dos-aeroviarios\\\/\"},\"author\":{\"name\":\"Roberto\",\"@id\":\"https:\\\/\\\/modelo.criativeweb.com.br\\\/sindigru\\\/#\\\/schema\\\/person\\\/ebbf8e182b04c80b29fafd391ba2c71d\"},\"headline\":\"SINDIGRU INTENSIFICA PRESEN\u00c7A NA LATAM E LAN\u00c7A CAMPANHA DE ASSOCIA\u00c7\u00c3O PARA FORTALECER A VOZ DOS AEROVI\u00c1RIOS\",\"datePublished\":\"2025-05-09T21:25:36+00:00\",\"mainEntityOfPage\":{\"@id\":\"https:\\\/\\\/modelo.criativeweb.com.br\\\/sindigru\\\/sindigru-intensifica-presenca-na-latam-e-lanca-campanha-de-associacao-para-fortalecer-a-voz-dos-aeroviarios\\\/\"},\"wordCount\":228,\"commentCount\":0,\"publisher\":{\"@id\":\"https:\\\/\\\/modelo.criativeweb.com.br\\\/sindigru\\\/#organization\"},\"image\":{\"@id\":\"https:\\\/\\\/modelo.criativeweb.com.br\\\/sindigru\\\/sindigru-intensifica-presenca-na-latam-e-lanca-campanha-de-associacao-para-fortalecer-a-voz-dos-aeroviarios\\\/#primaryimage\"},\"thumbnailUrl\":\"https:\\\/\\\/modelo.criativeweb.com.br\\\/sindigru\\\/wp-content\\\/uploads\\\/2025\\\/05\\\/WhatsApp-Image-2025-05-09-at-17.44.23-1-225x300.jpeg\",\"articleSection\":[\"Not\u00edcias\"],\"inLanguage\":\"pt-BR\",\"potentialAction\":[{\"@type\":\"CommentAction\",\"name\":\"Comment\",\"target\":[\"https:\\\/\\\/modelo.criativeweb.com.br\\\/sindigru\\\/sindigru-intensifica-presenca-na-latam-e-lanca-campanha-de-associacao-para-fortalecer-a-voz-dos-aeroviarios\\\/#respond\"]}]},{\"@type\":\"WebPage\",\"@id\":\"https:\\\/\\\/modelo.criativeweb.com.br\\\/sindigru\\\/sindigru-intensifica-presenca-na-latam-e-lanca-campanha-de-associacao-para-fortalecer-a-voz-dos-aeroviarios\\\/\",\"url\":\"https:\\\/\\\/modelo.criativeweb.com.br\\\/sindigru\\\/sindigru-intensifica-presenca-na-latam-e-lanca-campanha-de-associacao-para-fortalecer-a-voz-dos-aeroviarios\\\/\",\"name\":\"SINDIGRU INTENSIFICA PRESEN\u00c7A NA LATAM E LAN\u00c7A CAMPANHA DE ASSOCIA\u00c7\u00c3O PARA FORTALECER A VOZ DOS AEROVI\u00c1RIOS - SINDIGRU\",\"isPartOf\":{\"@id\":\"https:\\\/\\\/modelo.criativeweb.com.br\\\/sindigru\\\/#website\"},\"primaryImageOfPage\":{\"@id\":\"https:\\\/\\\/modelo.criativeweb.com.br\\\/sindigru\\\/sindigru-intensifica-presenca-na-latam-e-lanca-campanha-de-associacao-para-fortalecer-a-voz-dos-aeroviarios\\\/#primaryimage\"},\"image\":{\"@id\":\"https:\\\/\\\/modelo.criativeweb.com.br\\\/sindigru\\\/sindigru-intensifica-presenca-na-latam-e-lanca-campanha-de-associacao-para-fortalecer-a-voz-dos-aeroviarios\\\/#primaryimage\"},\"thumbnailUrl\":\"https:\\\/\\\/modelo.criativeweb.com.br\\\/sindigru\\\/wp-content\\\/uploads\\\/2025\\\/05\\\/WhatsApp-Image-2025-05-09-at-17.44.23-1-225x300.jpeg\",\"datePublished\":\"2025-05-09T21:25:36+00:00\",\"breadcrumb\":{\"@id\":\"https:\\\/\\\/modelo.criativeweb.com.br\\\/sindigru\\\/sindigru-intensifica-presenca-na-latam-e-lanca-campanha-de-associacao-para-fortalecer-a-voz-dos-aeroviarios\\\/#breadcrumb\"},\"inLanguage\":\"pt-BR\",\"potentialAction\":[{\"@type\":\"ReadAction\",\"target\":[\"https:\\\/\\\/modelo.criativeweb.com.br\\\/sindigru\\\/sindigru-intensifica-presenca-na-latam-e-lanca-campanha-de-associacao-para-fortalecer-a-voz-dos-aeroviarios\\\/\"]}]},{\"@type\":\"ImageObject\",\"inLanguage\":\"pt-BR\",\"@id\":\"https:\\\/\\\/modelo.criativeweb.com.br\\\/sindigru\\\/sindigru-intensifica-presenca-na-latam-e-lanca-campanha-de-associacao-para-fortalecer-a-voz-dos-aeroviarios\\\/#primaryimage\",\"url\":\"\",\"contentUrl\":\"\"},{\"@type\":\"BreadcrumbList\",\"@id\":\"https:\\\/\\\/modelo.criativeweb.com.br\\\/sindigru\\\/sindigru-intensifica-presenca-na-latam-e-lanca-campanha-de-associacao-para-fortalecer-a-voz-dos-aeroviarios\\\/#breadcrumb\",\"itemListElement\":[{\"@type\":\"ListItem\",\"position\":1,\"name\":\"In\u00edcio\",\"item\":\"https:\\\/\\\/modelo.criativeweb.com.br\\\/sindigru\\\/\"},{\"@type\":\"ListItem\",\"position\":2,\"name\":\"SINDIGRU INTENSIFICA PRESEN\u00c7A NA LATAM E LAN\u00c7A CAMPANHA DE ASSOCIA\u00c7\u00c3O PARA FORTALECER A VOZ DOS AEROVI\u00c1RIOS\"}]},{\"@type\":\"WebSite\",\"@id\":\"https:\\\/\\\/modelo.criativeweb.com.br\\\/sindigru\\\/#website\",\"url\":\"https:\\\/\\\/modelo.criativeweb.com.br\\\/sindigru\\\/\",\"name\":\"SINDIGRU\",\"description\":\"Sindicato dos Aerovi\u00e1rios de Guarulhos.\",\"publisher\":{\"@id\":\"https:\\\/\\\/modelo.criativeweb.com.br\\\/sindigru\\\/#organization\"},\"potentialAction\":[{\"@type\":\"SearchAction\",\"target\":{\"@type\":\"EntryPoint\",\"urlTemplate\":\"https:\\\/\\\/modelo.criativeweb.com.br\\\/sindigru\\\/?s={search_term_string}\"},\"query-input\":{\"@type\":\"PropertyValueSpecification\",\"valueRequired\":true,\"valueName\":\"search_term_string\"}}],\"inLanguage\":\"pt-BR\"},{\"@type\":\"Organization\",\"@id\":\"https:\\\/\\\/modelo.criativeweb.com.br\\\/sindigru\\\/#organization\",\"name\":\"Sindigru\",\"url\":\"https:\\\/\\\/modelo.criativeweb.com.br\\\/sindigru\\\/\",\"logo\":{\"@type\":\"ImageObject\",\"inLanguage\":\"pt-BR\",\"@id\":\"https:\\\/\\\/modelo.criativeweb.com.br\\\/sindigru\\\/#\\\/schema\\\/logo\\\/image\\\/\",\"url\":\"\",\"contentUrl\":\"\",\"caption\":\"Sindigru\"},\"image\":{\"@id\":\"https:\\\/\\\/modelo.criativeweb.com.br\\\/sindigru\\\/#\\\/schema\\\/logo\\\/image\\\/\"},\"sameAs\":[\"https:\\\/\\\/www.facebook.com\\\/sindigru\",\"https:\\\/\\\/x.com\\\/sindigru\",\"https:\\\/\\\/www.youtube.com\\\/c\\\/SINDIGRU-CUT\",\"https:\\\/\\\/instagram.com\\\/sindigru\"]},{\"@type\":\"Person\",\"@id\":\"https:\\\/\\\/modelo.criativeweb.com.br\\\/sindigru\\\/#\\\/schema\\\/person\\\/ebbf8e182b04c80b29fafd391ba2c71d\",\"name\":\"Roberto\",\"image\":{\"@type\":\"ImageObject\",\"inLanguage\":\"pt-BR\",\"@id\":\"https:\\\/\\\/secure.gravatar.com\\\/avatar\\\/fae9cbedfe570656231ad990f3aa947c7a9b5e6fa73065d842851f30b12ae6b4?s=96&d=mm&r=g\",\"url\":\"https:\\\/\\\/secure.gravatar.com\\\/avatar\\\/fae9cbedfe570656231ad990f3aa947c7a9b5e6fa73065d842851f30b12ae6b4?s=96&d=mm&r=g\",\"contentUrl\":\"https:\\\/\\\/secure.gravatar.com\\\/avatar\\\/fae9cbedfe570656231ad990f3aa947c7a9b5e6fa73065d842851f30b12ae6b4?s=96&d=mm&r=g\",\"caption\":\"Roberto\"}}]}<\/script>\n<!-- \/ Yoast SEO plugin. -->","yoast_head_json":{"title":"SINDIGRU INTENSIFICA PRESEN\u00c7A NA LATAM E LAN\u00c7A CAMPANHA DE ASSOCIA\u00c7\u00c3O PARA FORTALECER A VOZ DOS AEROVI\u00c1RIOS - SINDIGRU","robots":{"index":"index","follow":"follow","max-snippet":"max-snippet:-1","max-image-preview":"max-image-preview:large","max-video-preview":"max-video-preview:-1"},"canonical":"https:\/\/modelo.criativeweb.com.br\/sindigru\/sindigru-intensifica-presenca-na-latam-e-lanca-campanha-de-associacao-para-fortalecer-a-voz-dos-aeroviarios\/","og_locale":"pt_BR","og_type":"article","og_title":"SINDIGRU INTENSIFICA PRESEN\u00c7A NA LATAM E LAN\u00c7A CAMPANHA DE ASSOCIA\u00c7\u00c3O PARA FORTALECER A VOZ DOS AEROVI\u00c1RIOS - SINDIGRU","og_description":"No dia 9 de maio, o SINDIGRU esteve em a\u00e7\u00e3o junto aos trabalhadores da carga dom\u00e9stica da Latam com um [&hellip;]","og_url":"https:\/\/modelo.criativeweb.com.br\/sindigru\/sindigru-intensifica-presenca-na-latam-e-lanca-campanha-de-associacao-para-fortalecer-a-voz-dos-aeroviarios\/","og_site_name":"SINDIGRU","article_publisher":"https:\/\/www.facebook.com\/sindigru","article_published_time":"2025-05-09T21:25:36+00:00","author":"Roberto","twitter_card":"summary_large_image","twitter_creator":"@sindigru","twitter_site":"@sindigru","twitter_misc":{"Escrito por":"Roberto","Est. tempo de leitura":"6 minutos"},"schema":{"@context":"https:\/\/schema.org","@graph":[{"@type":"Article","@id":"https:\/\/modelo.criativeweb.com.br\/sindigru\/sindigru-intensifica-presenca-na-latam-e-lanca-campanha-de-associacao-para-fortalecer-a-voz-dos-aeroviarios\/#article","isPartOf":{"@id":"https:\/\/modelo.criativeweb.com.br\/sindigru\/sindigru-intensifica-presenca-na-latam-e-lanca-campanha-de-associacao-para-fortalecer-a-voz-dos-aeroviarios\/"},"author":{"name":"Roberto","@id":"https:\/\/modelo.criativeweb.com.br\/sindigru\/#\/schema\/person\/ebbf8e182b04c80b29fafd391ba2c71d"},"headline":"SINDIGRU INTENSIFICA PRESEN\u00c7A NA LATAM E LAN\u00c7A CAMPANHA DE ASSOCIA\u00c7\u00c3O PARA FORTALECER A VOZ DOS AEROVI\u00c1RIOS","datePublished":"2025-05-09T21:25:36+00:00","mainEntityOfPage":{"@id":"https:\/\/modelo.criativeweb.com.br\/sindigru\/sindigru-intensifica-presenca-na-latam-e-lanca-campanha-de-associacao-para-fortalecer-a-voz-dos-aeroviarios\/"},"wordCount":228,"commentCount":0,"publisher":{"@id":"https:\/\/modelo.criativeweb.com.br\/sindigru\/#organization"},"image":{"@id":"https:\/\/modelo.criativeweb.com.br\/sindigru\/sindigru-intensifica-presenca-na-latam-e-lanca-campanha-de-associacao-para-fortalecer-a-voz-dos-aeroviarios\/#primaryimage"},"thumbnailUrl":"https:\/\/modelo.criativeweb.com.br\/sindigru\/wp-content\/uploads\/2025\/05\/WhatsApp-Image-2025-05-09-at-17.44.23-1-225x300.jpeg","articleSection":["Not\u00edcias"],"inLanguage":"pt-BR","potentialAction":[{"@type":"CommentAction","name":"Comment","target":["https:\/\/modelo.criativeweb.com.br\/sindigru\/sindigru-intensifica-presenca-na-latam-e-lanca-campanha-de-associacao-para-fortalecer-a-voz-dos-aeroviarios\/#respond"]}]},{"@type":"WebPage","@id":"https:\/\/modelo.criativeweb.com.br\/sindigru\/sindigru-intensifica-presenca-na-latam-e-lanca-campanha-de-associacao-para-fortalecer-a-voz-dos-aeroviarios\/","url":"https:\/\/modelo.criativeweb.com.br\/sindigru\/sindigru-intensifica-presenca-na-latam-e-lanca-campanha-de-associacao-para-fortalecer-a-voz-dos-aeroviarios\/","name":"SINDIGRU INTENSIFICA PRESEN\u00c7A NA LATAM E LAN\u00c7A CAMPANHA DE ASSOCIA\u00c7\u00c3O PARA FORTALECER A VOZ DOS AEROVI\u00c1RIOS - SINDIGRU","isPartOf":{"@id":"https:\/\/modelo.criativeweb.com.br\/sindigru\/#website"},"primaryImageOfPage":{"@id":"https:\/\/modelo.criativeweb.com.br\/sindigru\/sindigru-intensifica-presenca-na-latam-e-lanca-campanha-de-associacao-para-fortalecer-a-voz-dos-aeroviarios\/#primaryimage"},"image":{"@id":"https:\/\/modelo.criativeweb.com.br\/sindigru\/sindigru-intensifica-presenca-na-latam-e-lanca-campanha-de-associacao-para-fortalecer-a-voz-dos-aeroviarios\/#primaryimage"},"thumbnailUrl":"https:\/\/modelo.criativeweb.com.br\/sindigru\/wp-content\/uploads\/2025\/05\/WhatsApp-Image-2025-05-09-at-17.44.23-1-225x300.jpeg","datePublished":"2025-05-09T21:25:36+00:00","breadcrumb":{"@id":"https:\/\/modelo.criativeweb.com.br\/sindigru\/sindigru-intensifica-presenca-na-latam-e-lanca-campanha-de-associacao-para-fortalecer-a-voz-dos-aeroviarios\/#breadcrumb"},"inLanguage":"pt-BR","potentialAction":[{"@type":"ReadAction","target":["https:\/\/modelo.criativeweb.com.br\/sindigru\/sindigru-intensifica-presenca-na-latam-e-lanca-campanha-de-associacao-para-fortalecer-a-voz-dos-aeroviarios\/"]}]},{"@type":"ImageObject","inLanguage":"pt-BR","@id":"https:\/\/modelo.criativeweb.com.br\/sindigru\/sindigru-intensifica-presenca-na-latam-e-lanca-campanha-de-associacao-para-fortalecer-a-voz-dos-aeroviarios\/#primaryimage","url":"","contentUrl":""},{"@type":"BreadcrumbList","@id":"https:\/\/modelo.criativeweb.com.br\/sindigru\/sindigru-intensifica-presenca-na-latam-e-lanca-campanha-de-associacao-para-fortalecer-a-voz-dos-aeroviarios\/#breadcrumb","itemListElement":[{"@type":"ListItem","position":1,"name":"In\u00edcio","item":"https:\/\/modelo.criativeweb.com.br\/sindigru\/"},{"@type":"ListItem","position":2,"name":"SINDIGRU INTENSIFICA PRESEN\u00c7A NA LATAM E LAN\u00c7A CAMPANHA DE ASSOCIA\u00c7\u00c3O PARA FORTALECER A VOZ DOS AEROVI\u00c1RIOS"}]},{"@type":"WebSite","@id":"https:\/\/modelo.criativeweb.com.br\/sindigru\/#website","url":"https:\/\/modelo.criativeweb.com.br\/sindigru\/","name":"SINDIGRU","description":"Sindicato dos Aerovi\u00e1rios de Guarulhos.","publisher":{"@id":"https:\/\/modelo.criativeweb.com.br\/sindigru\/#organization"},"potentialAction":[{"@type":"SearchAction","target":{"@type":"EntryPoint","urlTemplate":"https:\/\/modelo.criativeweb.com.br\/sindigru\/?s={search_term_string}"},"query-input":{"@type":"PropertyValueSpecification","valueRequired":true,"valueName":"search_term_string"}}],"inLanguage":"pt-BR"},{"@type":"Organization","@id":"https:\/\/modelo.criativeweb.com.br\/sindigru\/#organization","name":"Sindigru","url":"https:\/\/modelo.criativeweb.com.br\/sindigru\/","logo":{"@type":"ImageObject","inLanguage":"pt-BR","@id":"https:\/\/modelo.criativeweb.com.br\/sindigru\/#\/schema\/logo\/image\/","url":"","contentUrl":"","caption":"Sindigru"},"image":{"@id":"https:\/\/modelo.criativeweb.com.br\/sindigru\/#\/schema\/logo\/image\/"},"sameAs":["https:\/\/www.facebook.com\/sindigru","https:\/\/x.com\/sindigru","https:\/\/www.youtube.com\/c\/SINDIGRU-CUT","https:\/\/instagram.com\/sindigru"]},{"@type":"Person","@id":"https:\/\/modelo.criativeweb.com.br\/sindigru\/#\/schema\/person\/ebbf8e182b04c80b29fafd391ba2c71d","name":"Roberto","image":{"@type":"ImageObject","inLanguage":"pt-BR","@id":"https:\/\/secure.gravatar.com\/avatar\/fae9cbedfe570656231ad990f3aa947c7a9b5e6fa73065d842851f30b12ae6b4?s=96&d=mm&r=g","url":"https:\/\/secure.gravatar.com\/avatar\/fae9cbedfe570656231ad990f3aa947c7a9b5e6fa73065d842851f30b12ae6b4?s=96&d=mm&r=g","contentUrl":"https:\/\/secure.gravatar.com\/avatar\/fae9cbedfe570656231ad990f3aa947c7a9b5e6fa73065d842851f30b12ae6b4?s=96&d=mm&r=g","caption":"Roberto"}}]}},"_links":{"self":[{"href":"https:\/\/modelo.criativeweb.com.br\/sindigru\/wp-json\/wp\/v2\/posts\/21789","targetHints":{"allow":["GET"]}}],"collection":[{"href":"https:\/\/modelo.criativeweb.com.br\/sindigru\/wp-json\/wp\/v2\/posts"}],"about":[{"href":"https:\/\/modelo.criativeweb.com.br\/sindigru\/wp-json\/wp\/v2\/types\/post"}],"author":[{"embeddable":true,"href":"https:\/\/modelo.criativeweb.com.br\/sindigru\/wp-json\/wp\/v2\/users\/10"}],"replies":[{"embeddable":true,"href":"https:\/\/modelo.criativeweb.com.br\/sindigru\/wp-json\/wp\/v2\/comments?post=21789"}],"version-history":[{"count":0,"href":"https:\/\/modelo.criativeweb.com.br\/sindigru\/wp-json\/wp\/v2\/posts\/21789\/revisions"}],"wp:attachment":[{"href":"https:\/\/modelo.criativeweb.com.br\/sindigru\/wp-json\/wp\/v2\/media?parent=21789"}],"wp:term":[{"taxonomy":"category","embeddable":true,"href":"https:\/\/modelo.criativeweb.com.br\/sindigru\/wp-json\/wp\/v2\/categories?post=21789"},{"taxonomy":"post_tag","embeddable":true,"href":"https:\/\/modelo.criativeweb.com.br\/sindigru\/wp-json\/wp\/v2\/tags?post=21789"}],"curies":[{"name":"wp","href":"https:\/\/api.w.org\/{rel}","templated":true}]}}