{"id":21788,"date":"2025-05-06T19:06:48","date_gmt":"2025-05-06T22:06:48","guid":{"rendered":"https:\/\/modelo.criativeweb.com.br\/sindigru\/aeroviarios-atuantes-no-forum-dos-trabalhadores-da-aviacao-civil\/"},"modified":"2025-05-06T19:06:48","modified_gmt":"2025-05-06T22:06:48","slug":"aeroviarios-atuantes-no-forum-dos-trabalhadores-da-aviacao-civil","status":"publish","type":"post","link":"https:\/\/modelo.criativeweb.com.br\/sindigru\/aeroviarios-atuantes-no-forum-dos-trabalhadores-da-aviacao-civil\/","title":{"rendered":"Aerovi\u00e1rios atuantes no F\u00f3rum dos Trabalhadores da Avia\u00e7\u00e3o Civil"},"content":{"rendered":"<p>O Minist\u00e9rio de Portos e Aeroportos, por meio da Secretaria Nacional de Avia\u00e7\u00e3o Civil, realizou na manh\u00e3 desta ter\u00e7a-feira (6), em Bras\u00edlia, a 1\u00aa Reuni\u00e3o do F\u00f3rum dos Trabalhadores da Avia\u00e7\u00e3o Civil.<\/p>\n<p>Durante o encontro, tr\u00eas temas foram destaque: capacita\u00e7\u00e3o profissional para os trabalhadores, curso de aperfei\u00e7oamento e pol\u00edtica de combate \u00e0 precariza\u00e7\u00e3o. Foi deliberado o encaminhamento para a constitui\u00e7\u00e3o de uma reuni\u00e3o bilateral com a ANAC para aprofundar esses temas e buscar as propostas dos trabalhadores junto com o governo e as empresas a\u00e9reas, que tamb\u00e9m participar\u00e3o dessa reuni\u00e3o.<\/p>\n<p>Importante mencionar que, na quest\u00e3o da capacita\u00e7\u00e3o profissional, os trabalhadores tamb\u00e9m ir\u00e3o trazer alguns estudos, perspectivas do setor, atrav\u00e9s do Dieese, para criar uma an\u00e1lise do ritmo de crescimento, desenvolvimento da avia\u00e7\u00e3o, com a disponibilidade de m\u00e3o de obra no mercado, uma perspectiva para os pr\u00f3ximos 5, 10 anos, trazendo, dessa forma, elementos t\u00e9cnicos e estat\u00edsticos para valorizar o debate aprofundado na busca de que esse f\u00f3rum tenha a efetiva execu\u00e7\u00e3o de demandas.<\/p>\n<p>Sobre a regulamenta\u00e7\u00e3o internacional ser\u00e1 discutida uma agenda para que possa aprofundar a pauta do governo para a Assembleia da ICAO (Organiza\u00e7\u00e3o da Avia\u00e7\u00e3o Civil Internacional) que vai acontecer em setembro desse ano, onde os aerovi\u00e1rios encaminhar\u00e3o a pauta, a proposta e o governo expor a dele para que, juntos, possam defender a pauta na Assembleia da ICAO.<\/p>\n<p>Outro ponto importante, sobre a quest\u00e3o do passageiro indisciplinado, que haviam retirado da pauta. Foi cobrado, durante a reuni\u00e3o, e os representantes do MPor disseram que j\u00e1 existe um outro F\u00f3rum, o Conaero (Comiss\u00e3o Nacional de Autoridades Aeroportu\u00e1rias), e a Federa\u00e7\u00e3o foi direcionada para participar desse outro f\u00f3rum para discutir a quest\u00e3o desse tema de passageiro indisciplinado.<\/p>\n<p>&nbsp;<\/p>\n<p><strong>Condi\u00e7\u00f5es<\/strong> \u2013 Rodrigo Maciel, presidente do SINDIGRU, apoiou e defendeu a realiza\u00e7\u00e3o de uma pesquisa sobre a atual situa\u00e7\u00e3o dos trabalhadores dos aeroportos brasileiros para que possam ter dados t\u00e9cnicos, cient\u00edficos e comprobat\u00f3rios para trabalhar normas que tragam condi\u00e7\u00f5es m\u00ednimas de opera\u00e7\u00e3o para os trabalhadores, pois, importante afirmar que tais condi\u00e7\u00f5es interferem diretamente na seguran\u00e7a de voo, na seguran\u00e7a de trabalho, no atendimento aos passageiros e no desenvolvimento da avia\u00e7\u00e3o civil.<\/p>\n<p>&nbsp;<\/p>\n<p><strong>Articula\u00e7\u00e3o<\/strong> \u2013 Essa mobiliza\u00e7\u00e3o demonstra maturidade institucional, capacidade de di\u00e1logo e foco na constru\u00e7\u00e3o de solu\u00e7\u00f5es que garantam competitividade, seguran\u00e7a jur\u00eddica e estabilidade ao setor a\u00e9reo.<\/p>\n<p>O fortalecimento dessa frente conjunta simboliza um marco de transforma\u00e7\u00e3o e responsabilidade no cen\u00e1rio da avia\u00e7\u00e3o civil, consolidando o setor como protagonista na formula\u00e7\u00e3o de pol\u00edticas p\u00fablicas estrat\u00e9gicas para o Brasil.<\/p>\n<div style=\"width: 720px;\" class=\"wp-video\"><!--[if lt IE 9]><script>document.createElement('video');<\/script><![endif]-->\n<video class=\"wp-video-shortcode\" id=\"video-21788-1\" width=\"720\" height=\"1280\" preload=\"metadata\" controls=\"controls\"><source type=\"video\/mp4\" src=\"https:\/\/modelo.criativeweb.com.br\/sindigru\/wp-content\/uploads\/2026\/05\/AQORG2gGQBp3gwULuUfJ3BBTRSA3prQxu1i7JLkW5zu4p0H6c1B3hCFX4w4-HrjFcGe5JKKiyFy2_grgiEEBpcBkUVvvRBW-JmGRob4.mp4?_=1\" \/><a href=\"https:\/\/modelo.criativeweb.com.br\/sindigru\/wp-content\/uploads\/2026\/05\/AQORG2gGQBp3gwULuUfJ3BBTRSA3prQxu1i7JLkW5zu4p0H6c1B3hCFX4w4-HrjFcGe5JKKiyFy2_grgiEEBpcBkUVvvRBW-JmGRob4.mp4\">https:\/\/modelo.criativeweb.com.br\/sindigru\/wp-content\/uploads\/2026\/05\/AQORG2gGQBp3gwULuUfJ3BBTRSA3prQxu1i7JLkW5zu4p0H6c1B3hCFX4w4-HrjFcGe5JKKiyFy2_grgiEEBpcBkUVvvRBW-JmGRob4.mp4<\/a><\/video><\/div>\n<p><img fetchpriority=\"high\" decoding=\"async\" class=\"alignnone size-medium wp-image-11550\" src=\"https:\/\/modelo.criativeweb.com.br\/sindigru\/wp-content\/uploads\/2025\/05\/WhatsApp-Image-2025-05-06-at-17.04.54-225x300.jpeg\" alt=\"\" width=\"225\" height=\"300\" \/><\/p>\n<p>&nbsp;<\/p>\n<p><img decoding=\"async\" class=\"alignnone size-medium wp-image-11551\" src=\"https:\/\/modelo.criativeweb.com.br\/sindigru\/wp-content\/uploads\/2025\/05\/378ac259-2749-452e-b20f-e19c13e8f844-300x200.jpg\" alt=\"\" width=\"300\" height=\"200\" \/><img decoding=\"async\" class=\"alignnone size-medium wp-image-11552\" src=\"https:\/\/modelo.criativeweb.com.br\/sindigru\/wp-content\/uploads\/2025\/05\/c4b022fd-42c4-4aae-899e-bf42db66c29e-300x200.jpg\" alt=\"\" width=\"300\" height=\"200\" \/><\/p>\n<div class=\"gsp_post_data\" \r\n\t            data-post_type=\"post\" \r\n\t            data-cat=\"noticias\" \r\n\t            data-modified=\"120\"\r\n\t            data-created=\"1746558408\"\r\n\t            data-title=\"Aerovi\u00e1rios atuantes no F\u00f3rum dos Trabalhadores da Avia\u00e7\u00e3o Civil\" \r\n\t            data-home=\"https:\/\/modelo.criativeweb.com.br\/sindigru\"><\/div>","protected":false},"excerpt":{"rendered":"<p>O Minist\u00e9rio de Portos e Aeroportos, por meio da Secretaria Nacional de Avia\u00e7\u00e3o Civil, realizou na manh\u00e3 desta ter\u00e7a-feira (6), [&hellip;]<\/p>\n","protected":false},"author":10,"featured_media":18675,"comment_status":"open","ping_status":"open","sticky":false,"template":"","format":"standard","meta":{"site-sidebar-layout":"default","site-content-layout":"","ast-site-content-layout":"default","site-content-style":"default","site-sidebar-style":"default","ast-global-header-display":"","ast-banner-title-visibility":"","ast-main-header-display":"","ast-hfb-above-header-display":"","ast-hfb-below-header-display":"","ast-hfb-mobile-header-display":"","site-post-title":"","ast-breadcrumbs-content":"","ast-featured-img":"","footer-sml-layout":"","ast-disable-related-posts":"","theme-transparent-header-meta":"","adv-header-id-meta":"","stick-header-meta":"","header-above-stick-meta":"","header-main-stick-meta":"","header-below-stick-meta":"","astra-migrate-meta-layouts":"default","ast-page-background-enabled":"default","ast-page-background-meta":{"desktop":{"background-color":"var(--ast-global-color-5)","background-image":"","background-repeat":"repeat","background-position":"center center","background-size":"auto","background-attachment":"scroll","background-type":"","background-media":"","overlay-type":"","overlay-color":"","overlay-opacity":"","overlay-gradient":""},"tablet":{"background-color":"","background-image":"","background-repeat":"repeat","background-position":"center center","background-size":"auto","background-attachment":"scroll","background-type":"","background-media":"","overlay-type":"","overlay-color":"","overlay-opacity":"","overlay-gradient":""},"mobile":{"background-color":"","background-image":"","background-repeat":"repeat","background-position":"center center","background-size":"auto","background-attachment":"scroll","background-type":"","background-media":"","overlay-type":"","overlay-color":"","overlay-opacity":"","overlay-gradient":""}},"ast-content-background-meta":{"desktop":{"background-color":"var(--ast-global-color-4)","background-image":"","background-repeat":"repeat","background-position":"center center","background-size":"auto","background-attachment":"scroll","background-type":"","background-media":"","overlay-type":"","overlay-color":"","overlay-opacity":"","overlay-gradient":""},"tablet":{"background-color":"var(--ast-global-color-4)","background-image":"","background-repeat":"repeat","background-position":"center center","background-size":"auto","background-attachment":"scroll","background-type":"","background-media":"","overlay-type":"","overlay-color":"","overlay-opacity":"","overlay-gradient":""},"mobile":{"background-color":"var(--ast-global-color-4)","background-image":"","background-repeat":"repeat","background-position":"center center","background-size":"auto","background-attachment":"scroll","background-type":"","background-media":"","overlay-type":"","overlay-color":"","overlay-opacity":"","overlay-gradient":""}},"_joinchat":[],"footnotes":"","_links_to":"","_links_to_target":""},"categories":[3329],"tags":[],"class_list":["post-21788","post","type-post","status-publish","format-standard","has-post-thumbnail","hentry","category-noticias"],"yoast_head":"<!-- This site is optimized with the Yoast SEO plugin v27.5 - https:\/\/yoast.com\/product\/yoast-seo-wordpress\/ -->\n<title>Aerovi\u00e1rios atuantes no F\u00f3rum dos Trabalhadores da Avia\u00e7\u00e3o Civil - SINDIGRU<\/title>\n<meta name=\"robots\" content=\"index, follow, max-snippet:-1, max-image-preview:large, max-video-preview:-1\" \/>\n<link rel=\"canonical\" href=\"https:\/\/modelo.criativeweb.com.br\/sindigru\/aeroviarios-atuantes-no-forum-dos-trabalhadores-da-aviacao-civil\/\" \/>\n<meta property=\"og:locale\" content=\"pt_BR\" \/>\n<meta property=\"og:type\" content=\"article\" \/>\n<meta property=\"og:title\" content=\"Aerovi\u00e1rios atuantes no F\u00f3rum dos Trabalhadores da Avia\u00e7\u00e3o Civil - SINDIGRU\" \/>\n<meta property=\"og:description\" content=\"O Minist\u00e9rio de Portos e Aeroportos, por meio da Secretaria Nacional de Avia\u00e7\u00e3o Civil, realizou na manh\u00e3 desta ter\u00e7a-feira (6), [&hellip;]\" \/>\n<meta property=\"og:url\" content=\"https:\/\/modelo.criativeweb.com.br\/sindigru\/aeroviarios-atuantes-no-forum-dos-trabalhadores-da-aviacao-civil\/\" \/>\n<meta property=\"og:site_name\" content=\"SINDIGRU\" \/>\n<meta property=\"article:publisher\" content=\"https:\/\/www.facebook.com\/sindigru\" \/>\n<meta property=\"article:published_time\" content=\"2025-05-06T22:06:48+00:00\" \/>\n<meta property=\"og:image\" content=\"https:\/\/modelo.criativeweb.com.br\/sindigru\/wp-content\/uploads\/2026\/05\/c4b022fd-42c4-4aae-899e-bf42db66c29e-scaled-1.jpg\" \/>\n\t<meta property=\"og:image:width\" content=\"2560\" \/>\n\t<meta property=\"og:image:height\" content=\"1707\" \/>\n\t<meta property=\"og:image:type\" content=\"image\/jpeg\" \/>\n<meta name=\"author\" content=\"Roberto\" \/>\n<meta name=\"twitter:card\" content=\"summary_large_image\" \/>\n<meta name=\"twitter:creator\" content=\"@sindigru\" \/>\n<meta name=\"twitter:site\" content=\"@sindigru\" \/>\n<meta name=\"twitter:label1\" content=\"Escrito por\" \/>\n\t<meta name=\"twitter:data1\" content=\"Roberto\" \/>\n\t<meta name=\"twitter:label2\" content=\"Est. tempo de leitura\" \/>\n\t<meta name=\"twitter:data2\" content=\"4 minutos\" \/>\n<script type=\"application\/ld+json\" class=\"yoast-schema-graph\">{\"@context\":\"https:\\\/\\\/schema.org\",\"@graph\":[{\"@type\":\"Article\",\"@id\":\"https:\\\/\\\/modelo.criativeweb.com.br\\\/sindigru\\\/aeroviarios-atuantes-no-forum-dos-trabalhadores-da-aviacao-civil\\\/#article\",\"isPartOf\":{\"@id\":\"https:\\\/\\\/modelo.criativeweb.com.br\\\/sindigru\\\/aeroviarios-atuantes-no-forum-dos-trabalhadores-da-aviacao-civil\\\/\"},\"author\":{\"name\":\"Roberto\",\"@id\":\"https:\\\/\\\/modelo.criativeweb.com.br\\\/sindigru\\\/#\\\/schema\\\/person\\\/ebbf8e182b04c80b29fafd391ba2c71d\"},\"headline\":\"Aerovi\u00e1rios atuantes no F\u00f3rum dos Trabalhadores da Avia\u00e7\u00e3o Civil\",\"datePublished\":\"2025-05-06T22:06:48+00:00\",\"mainEntityOfPage\":{\"@id\":\"https:\\\/\\\/modelo.criativeweb.com.br\\\/sindigru\\\/aeroviarios-atuantes-no-forum-dos-trabalhadores-da-aviacao-civil\\\/\"},\"wordCount\":517,\"commentCount\":0,\"publisher\":{\"@id\":\"https:\\\/\\\/modelo.criativeweb.com.br\\\/sindigru\\\/#organization\"},\"image\":{\"@id\":\"https:\\\/\\\/modelo.criativeweb.com.br\\\/sindigru\\\/aeroviarios-atuantes-no-forum-dos-trabalhadores-da-aviacao-civil\\\/#primaryimage\"},\"thumbnailUrl\":\"https:\\\/\\\/modelo.criativeweb.com.br\\\/sindigru\\\/wp-content\\\/uploads\\\/2026\\\/05\\\/c4b022fd-42c4-4aae-899e-bf42db66c29e-scaled-1.jpg\",\"articleSection\":[\"Not\u00edcias\"],\"inLanguage\":\"pt-BR\",\"potentialAction\":[{\"@type\":\"CommentAction\",\"name\":\"Comment\",\"target\":[\"https:\\\/\\\/modelo.criativeweb.com.br\\\/sindigru\\\/aeroviarios-atuantes-no-forum-dos-trabalhadores-da-aviacao-civil\\\/#respond\"]}]},{\"@type\":\"WebPage\",\"@id\":\"https:\\\/\\\/modelo.criativeweb.com.br\\\/sindigru\\\/aeroviarios-atuantes-no-forum-dos-trabalhadores-da-aviacao-civil\\\/\",\"url\":\"https:\\\/\\\/modelo.criativeweb.com.br\\\/sindigru\\\/aeroviarios-atuantes-no-forum-dos-trabalhadores-da-aviacao-civil\\\/\",\"name\":\"Aerovi\u00e1rios atuantes no F\u00f3rum dos Trabalhadores da Avia\u00e7\u00e3o Civil - SINDIGRU\",\"isPartOf\":{\"@id\":\"https:\\\/\\\/modelo.criativeweb.com.br\\\/sindigru\\\/#website\"},\"primaryImageOfPage\":{\"@id\":\"https:\\\/\\\/modelo.criativeweb.com.br\\\/sindigru\\\/aeroviarios-atuantes-no-forum-dos-trabalhadores-da-aviacao-civil\\\/#primaryimage\"},\"image\":{\"@id\":\"https:\\\/\\\/modelo.criativeweb.com.br\\\/sindigru\\\/aeroviarios-atuantes-no-forum-dos-trabalhadores-da-aviacao-civil\\\/#primaryimage\"},\"thumbnailUrl\":\"https:\\\/\\\/modelo.criativeweb.com.br\\\/sindigru\\\/wp-content\\\/uploads\\\/2026\\\/05\\\/c4b022fd-42c4-4aae-899e-bf42db66c29e-scaled-1.jpg\",\"datePublished\":\"2025-05-06T22:06:48+00:00\",\"breadcrumb\":{\"@id\":\"https:\\\/\\\/modelo.criativeweb.com.br\\\/sindigru\\\/aeroviarios-atuantes-no-forum-dos-trabalhadores-da-aviacao-civil\\\/#breadcrumb\"},\"inLanguage\":\"pt-BR\",\"potentialAction\":[{\"@type\":\"ReadAction\",\"target\":[\"https:\\\/\\\/modelo.criativeweb.com.br\\\/sindigru\\\/aeroviarios-atuantes-no-forum-dos-trabalhadores-da-aviacao-civil\\\/\"]}]},{\"@type\":\"ImageObject\",\"inLanguage\":\"pt-BR\",\"@id\":\"https:\\\/\\\/modelo.criativeweb.com.br\\\/sindigru\\\/aeroviarios-atuantes-no-forum-dos-trabalhadores-da-aviacao-civil\\\/#primaryimage\",\"url\":\"https:\\\/\\\/modelo.criativeweb.com.br\\\/sindigru\\\/wp-content\\\/uploads\\\/2026\\\/05\\\/c4b022fd-42c4-4aae-899e-bf42db66c29e-scaled-1.jpg\",\"contentUrl\":\"https:\\\/\\\/modelo.criativeweb.com.br\\\/sindigru\\\/wp-content\\\/uploads\\\/2026\\\/05\\\/c4b022fd-42c4-4aae-899e-bf42db66c29e-scaled-1.jpg\",\"width\":2560,\"height\":1707},{\"@type\":\"BreadcrumbList\",\"@id\":\"https:\\\/\\\/modelo.criativeweb.com.br\\\/sindigru\\\/aeroviarios-atuantes-no-forum-dos-trabalhadores-da-aviacao-civil\\\/#breadcrumb\",\"itemListElement\":[{\"@type\":\"ListItem\",\"position\":1,\"name\":\"In\u00edcio\",\"item\":\"https:\\\/\\\/modelo.criativeweb.com.br\\\/sindigru\\\/\"},{\"@type\":\"ListItem\",\"position\":2,\"name\":\"Aerovi\u00e1rios atuantes no F\u00f3rum dos Trabalhadores da Avia\u00e7\u00e3o Civil\"}]},{\"@type\":\"WebSite\",\"@id\":\"https:\\\/\\\/modelo.criativeweb.com.br\\\/sindigru\\\/#website\",\"url\":\"https:\\\/\\\/modelo.criativeweb.com.br\\\/sindigru\\\/\",\"name\":\"SINDIGRU\",\"description\":\"Sindicato dos Aerovi\u00e1rios de Guarulhos.\",\"publisher\":{\"@id\":\"https:\\\/\\\/modelo.criativeweb.com.br\\\/sindigru\\\/#organization\"},\"potentialAction\":[{\"@type\":\"SearchAction\",\"target\":{\"@type\":\"EntryPoint\",\"urlTemplate\":\"https:\\\/\\\/modelo.criativeweb.com.br\\\/sindigru\\\/?s={search_term_string}\"},\"query-input\":{\"@type\":\"PropertyValueSpecification\",\"valueRequired\":true,\"valueName\":\"search_term_string\"}}],\"inLanguage\":\"pt-BR\"},{\"@type\":\"Organization\",\"@id\":\"https:\\\/\\\/modelo.criativeweb.com.br\\\/sindigru\\\/#organization\",\"name\":\"Sindigru\",\"url\":\"https:\\\/\\\/modelo.criativeweb.com.br\\\/sindigru\\\/\",\"logo\":{\"@type\":\"ImageObject\",\"inLanguage\":\"pt-BR\",\"@id\":\"https:\\\/\\\/modelo.criativeweb.com.br\\\/sindigru\\\/#\\\/schema\\\/logo\\\/image\\\/\",\"url\":\"\",\"contentUrl\":\"\",\"caption\":\"Sindigru\"},\"image\":{\"@id\":\"https:\\\/\\\/modelo.criativeweb.com.br\\\/sindigru\\\/#\\\/schema\\\/logo\\\/image\\\/\"},\"sameAs\":[\"https:\\\/\\\/www.facebook.com\\\/sindigru\",\"https:\\\/\\\/x.com\\\/sindigru\",\"https:\\\/\\\/www.youtube.com\\\/c\\\/SINDIGRU-CUT\",\"https:\\\/\\\/instagram.com\\\/sindigru\"]},{\"@type\":\"Person\",\"@id\":\"https:\\\/\\\/modelo.criativeweb.com.br\\\/sindigru\\\/#\\\/schema\\\/person\\\/ebbf8e182b04c80b29fafd391ba2c71d\",\"name\":\"Roberto\",\"image\":{\"@type\":\"ImageObject\",\"inLanguage\":\"pt-BR\",\"@id\":\"https:\\\/\\\/secure.gravatar.com\\\/avatar\\\/fae9cbedfe570656231ad990f3aa947c7a9b5e6fa73065d842851f30b12ae6b4?s=96&d=mm&r=g\",\"url\":\"https:\\\/\\\/secure.gravatar.com\\\/avatar\\\/fae9cbedfe570656231ad990f3aa947c7a9b5e6fa73065d842851f30b12ae6b4?s=96&d=mm&r=g\",\"contentUrl\":\"https:\\\/\\\/secure.gravatar.com\\\/avatar\\\/fae9cbedfe570656231ad990f3aa947c7a9b5e6fa73065d842851f30b12ae6b4?s=96&d=mm&r=g\",\"caption\":\"Roberto\"}}]}<\/script>\n<!-- \/ Yoast SEO plugin. -->","yoast_head_json":{"title":"Aerovi\u00e1rios atuantes no F\u00f3rum dos Trabalhadores da Avia\u00e7\u00e3o Civil - SINDIGRU","robots":{"index":"index","follow":"follow","max-snippet":"max-snippet:-1","max-image-preview":"max-image-preview:large","max-video-preview":"max-video-preview:-1"},"canonical":"https:\/\/modelo.criativeweb.com.br\/sindigru\/aeroviarios-atuantes-no-forum-dos-trabalhadores-da-aviacao-civil\/","og_locale":"pt_BR","og_type":"article","og_title":"Aerovi\u00e1rios atuantes no F\u00f3rum dos Trabalhadores da Avia\u00e7\u00e3o Civil - SINDIGRU","og_description":"O Minist\u00e9rio de Portos e Aeroportos, por meio da Secretaria Nacional de Avia\u00e7\u00e3o Civil, realizou na manh\u00e3 desta ter\u00e7a-feira (6), [&hellip;]","og_url":"https:\/\/modelo.criativeweb.com.br\/sindigru\/aeroviarios-atuantes-no-forum-dos-trabalhadores-da-aviacao-civil\/","og_site_name":"SINDIGRU","article_publisher":"https:\/\/www.facebook.com\/sindigru","article_published_time":"2025-05-06T22:06:48+00:00","og_image":[{"width":2560,"height":1707,"url":"https:\/\/modelo.criativeweb.com.br\/sindigru\/wp-content\/uploads\/2026\/05\/c4b022fd-42c4-4aae-899e-bf42db66c29e-scaled-1.jpg","type":"image\/jpeg"}],"author":"Roberto","twitter_card":"summary_large_image","twitter_creator":"@sindigru","twitter_site":"@sindigru","twitter_misc":{"Escrito por":"Roberto","Est. tempo de leitura":"4 minutos"},"schema":{"@context":"https:\/\/schema.org","@graph":[{"@type":"Article","@id":"https:\/\/modelo.criativeweb.com.br\/sindigru\/aeroviarios-atuantes-no-forum-dos-trabalhadores-da-aviacao-civil\/#article","isPartOf":{"@id":"https:\/\/modelo.criativeweb.com.br\/sindigru\/aeroviarios-atuantes-no-forum-dos-trabalhadores-da-aviacao-civil\/"},"author":{"name":"Roberto","@id":"https:\/\/modelo.criativeweb.com.br\/sindigru\/#\/schema\/person\/ebbf8e182b04c80b29fafd391ba2c71d"},"headline":"Aerovi\u00e1rios atuantes no F\u00f3rum dos Trabalhadores da Avia\u00e7\u00e3o Civil","datePublished":"2025-05-06T22:06:48+00:00","mainEntityOfPage":{"@id":"https:\/\/modelo.criativeweb.com.br\/sindigru\/aeroviarios-atuantes-no-forum-dos-trabalhadores-da-aviacao-civil\/"},"wordCount":517,"commentCount":0,"publisher":{"@id":"https:\/\/modelo.criativeweb.com.br\/sindigru\/#organization"},"image":{"@id":"https:\/\/modelo.criativeweb.com.br\/sindigru\/aeroviarios-atuantes-no-forum-dos-trabalhadores-da-aviacao-civil\/#primaryimage"},"thumbnailUrl":"https:\/\/modelo.criativeweb.com.br\/sindigru\/wp-content\/uploads\/2026\/05\/c4b022fd-42c4-4aae-899e-bf42db66c29e-scaled-1.jpg","articleSection":["Not\u00edcias"],"inLanguage":"pt-BR","potentialAction":[{"@type":"CommentAction","name":"Comment","target":["https:\/\/modelo.criativeweb.com.br\/sindigru\/aeroviarios-atuantes-no-forum-dos-trabalhadores-da-aviacao-civil\/#respond"]}]},{"@type":"WebPage","@id":"https:\/\/modelo.criativeweb.com.br\/sindigru\/aeroviarios-atuantes-no-forum-dos-trabalhadores-da-aviacao-civil\/","url":"https:\/\/modelo.criativeweb.com.br\/sindigru\/aeroviarios-atuantes-no-forum-dos-trabalhadores-da-aviacao-civil\/","name":"Aerovi\u00e1rios atuantes no F\u00f3rum dos Trabalhadores da Avia\u00e7\u00e3o Civil - SINDIGRU","isPartOf":{"@id":"https:\/\/modelo.criativeweb.com.br\/sindigru\/#website"},"primaryImageOfPage":{"@id":"https:\/\/modelo.criativeweb.com.br\/sindigru\/aeroviarios-atuantes-no-forum-dos-trabalhadores-da-aviacao-civil\/#primaryimage"},"image":{"@id":"https:\/\/modelo.criativeweb.com.br\/sindigru\/aeroviarios-atuantes-no-forum-dos-trabalhadores-da-aviacao-civil\/#primaryimage"},"thumbnailUrl":"https:\/\/modelo.criativeweb.com.br\/sindigru\/wp-content\/uploads\/2026\/05\/c4b022fd-42c4-4aae-899e-bf42db66c29e-scaled-1.jpg","datePublished":"2025-05-06T22:06:48+00:00","breadcrumb":{"@id":"https:\/\/modelo.criativeweb.com.br\/sindigru\/aeroviarios-atuantes-no-forum-dos-trabalhadores-da-aviacao-civil\/#breadcrumb"},"inLanguage":"pt-BR","potentialAction":[{"@type":"ReadAction","target":["https:\/\/modelo.criativeweb.com.br\/sindigru\/aeroviarios-atuantes-no-forum-dos-trabalhadores-da-aviacao-civil\/"]}]},{"@type":"ImageObject","inLanguage":"pt-BR","@id":"https:\/\/modelo.criativeweb.com.br\/sindigru\/aeroviarios-atuantes-no-forum-dos-trabalhadores-da-aviacao-civil\/#primaryimage","url":"https:\/\/modelo.criativeweb.com.br\/sindigru\/wp-content\/uploads\/2026\/05\/c4b022fd-42c4-4aae-899e-bf42db66c29e-scaled-1.jpg","contentUrl":"https:\/\/modelo.criativeweb.com.br\/sindigru\/wp-content\/uploads\/2026\/05\/c4b022fd-42c4-4aae-899e-bf42db66c29e-scaled-1.jpg","width":2560,"height":1707},{"@type":"BreadcrumbList","@id":"https:\/\/modelo.criativeweb.com.br\/sindigru\/aeroviarios-atuantes-no-forum-dos-trabalhadores-da-aviacao-civil\/#breadcrumb","itemListElement":[{"@type":"ListItem","position":1,"name":"In\u00edcio","item":"https:\/\/modelo.criativeweb.com.br\/sindigru\/"},{"@type":"ListItem","position":2,"name":"Aerovi\u00e1rios atuantes no F\u00f3rum dos Trabalhadores da Avia\u00e7\u00e3o Civil"}]},{"@type":"WebSite","@id":"https:\/\/modelo.criativeweb.com.br\/sindigru\/#website","url":"https:\/\/modelo.criativeweb.com.br\/sindigru\/","name":"SINDIGRU","description":"Sindicato dos Aerovi\u00e1rios de Guarulhos.","publisher":{"@id":"https:\/\/modelo.criativeweb.com.br\/sindigru\/#organization"},"potentialAction":[{"@type":"SearchAction","target":{"@type":"EntryPoint","urlTemplate":"https:\/\/modelo.criativeweb.com.br\/sindigru\/?s={search_term_string}"},"query-input":{"@type":"PropertyValueSpecification","valueRequired":true,"valueName":"search_term_string"}}],"inLanguage":"pt-BR"},{"@type":"Organization","@id":"https:\/\/modelo.criativeweb.com.br\/sindigru\/#organization","name":"Sindigru","url":"https:\/\/modelo.criativeweb.com.br\/sindigru\/","logo":{"@type":"ImageObject","inLanguage":"pt-BR","@id":"https:\/\/modelo.criativeweb.com.br\/sindigru\/#\/schema\/logo\/image\/","url":"","contentUrl":"","caption":"Sindigru"},"image":{"@id":"https:\/\/modelo.criativeweb.com.br\/sindigru\/#\/schema\/logo\/image\/"},"sameAs":["https:\/\/www.facebook.com\/sindigru","https:\/\/x.com\/sindigru","https:\/\/www.youtube.com\/c\/SINDIGRU-CUT","https:\/\/instagram.com\/sindigru"]},{"@type":"Person","@id":"https:\/\/modelo.criativeweb.com.br\/sindigru\/#\/schema\/person\/ebbf8e182b04c80b29fafd391ba2c71d","name":"Roberto","image":{"@type":"ImageObject","inLanguage":"pt-BR","@id":"https:\/\/secure.gravatar.com\/avatar\/fae9cbedfe570656231ad990f3aa947c7a9b5e6fa73065d842851f30b12ae6b4?s=96&d=mm&r=g","url":"https:\/\/secure.gravatar.com\/avatar\/fae9cbedfe570656231ad990f3aa947c7a9b5e6fa73065d842851f30b12ae6b4?s=96&d=mm&r=g","contentUrl":"https:\/\/secure.gravatar.com\/avatar\/fae9cbedfe570656231ad990f3aa947c7a9b5e6fa73065d842851f30b12ae6b4?s=96&d=mm&r=g","caption":"Roberto"}}]}},"_links":{"self":[{"href":"https:\/\/modelo.criativeweb.com.br\/sindigru\/wp-json\/wp\/v2\/posts\/21788","targetHints":{"allow":["GET"]}}],"collection":[{"href":"https:\/\/modelo.criativeweb.com.br\/sindigru\/wp-json\/wp\/v2\/posts"}],"about":[{"href":"https:\/\/modelo.criativeweb.com.br\/sindigru\/wp-json\/wp\/v2\/types\/post"}],"author":[{"embeddable":true,"href":"https:\/\/modelo.criativeweb.com.br\/sindigru\/wp-json\/wp\/v2\/users\/10"}],"replies":[{"embeddable":true,"href":"https:\/\/modelo.criativeweb.com.br\/sindigru\/wp-json\/wp\/v2\/comments?post=21788"}],"version-history":[{"count":0,"href":"https:\/\/modelo.criativeweb.com.br\/sindigru\/wp-json\/wp\/v2\/posts\/21788\/revisions"}],"wp:featuredmedia":[{"embeddable":true,"href":"https:\/\/modelo.criativeweb.com.br\/sindigru\/wp-json\/wp\/v2\/media\/18675"}],"wp:attachment":[{"href":"https:\/\/modelo.criativeweb.com.br\/sindigru\/wp-json\/wp\/v2\/media?parent=21788"}],"wp:term":[{"taxonomy":"category","embeddable":true,"href":"https:\/\/modelo.criativeweb.com.br\/sindigru\/wp-json\/wp\/v2\/categories?post=21788"},{"taxonomy":"post_tag","embeddable":true,"href":"https:\/\/modelo.criativeweb.com.br\/sindigru\/wp-json\/wp\/v2\/tags?post=21788"}],"curies":[{"name":"wp","href":"https:\/\/api.w.org\/{rel}","templated":true}]}}