{"id":21787,"date":"2025-05-05T16:21:32","date_gmt":"2025-05-05T19:21:32","guid":{"rendered":"https:\/\/modelo.criativeweb.com.br\/sindigru\/sindigru-presente-com-acoes-para-os-trabalhadores-da-carga-domestica\/"},"modified":"2025-05-05T16:21:32","modified_gmt":"2025-05-05T19:21:32","slug":"sindigru-presente-com-acoes-para-os-trabalhadores-da-carga-domestica","status":"publish","type":"post","link":"https:\/\/modelo.criativeweb.com.br\/sindigru\/sindigru-presente-com-acoes-para-os-trabalhadores-da-carga-domestica\/","title":{"rendered":"SINDIGRU presente com a\u00e7\u00f5es para os trabalhadores da carga dom\u00e9stica"},"content":{"rendered":"<p>No dia 9 de maio, o sindicato vai estar presente na carga dom\u00e9stica da LATAM com a\u00e7\u00f5es estrat\u00e9gicas: informa\u00e7\u00f5es atualizadas sobre o novo ACT (Acordo Coletivo de Trabalho), atendimento direto aos trabalhadores e apresenta\u00e7\u00e3o de novas parcerias com benef\u00edcios reais \u2014 do jeito que a categoria merece.<\/p>\n<p>E tem mais: come\u00e7a tamb\u00e9m a nova campanha de associa\u00e7\u00e3o sindical. Porque quando voc\u00ea se associa, ganha for\u00e7a, tem mais voz e passa a fazer parte de um grupo que luta \u2014 e conquista, reconhecendo o seu sindicato como representante da categoria (AEROVI\u00c1RIOS). \u00c9 na uni\u00e3o que nascem os avan\u00e7os que transformam a rotina no trabalho.<\/p>\n<p>Associe-se!<br \/>\nSaiba que seus direitos s\u00e3o conquistas! E essas garantias existem porque o SINDIGRU luta, negocia e garante a seguran\u00e7a e dignidade para voc\u00ea e sua fam\u00edlia, assegurando benef\u00edcios que fazem diferen\u00e7a no seu dia a dia.<br \/>\nCertamente, juntos somos mais fortes!<\/p>\n<p><img fetchpriority=\"high\" decoding=\"async\" class=\"alignnone size-medium wp-image-11543\" src=\"https:\/\/modelo.criativeweb.com.br\/sindigru\/wp-content\/uploads\/2025\/05\/WhatsApp-Image-2025-05-05-at-16.09.05-300x200.jpeg\" alt=\"\" width=\"300\" height=\"200\" \/><\/p>\n<div class=\"gsp_post_data\" \r\n\t            data-post_type=\"post\" \r\n\t            data-cat=\"noticias\" \r\n\t            data-modified=\"120\"\r\n\t            data-created=\"1746462092\"\r\n\t            data-title=\"SINDIGRU presente com a\u00e7\u00f5es para os trabalhadores da carga dom\u00e9stica\" \r\n\t            data-home=\"https:\/\/modelo.criativeweb.com.br\/sindigru\"><\/div>","protected":false},"excerpt":{"rendered":"<p>No dia 9 de maio, o sindicato vai estar presente na carga dom\u00e9stica da LATAM com a\u00e7\u00f5es estrat\u00e9gicas: informa\u00e7\u00f5es atualizadas [&hellip;]<\/p>\n","protected":false},"author":10,"featured_media":18671,"comment_status":"open","ping_status":"open","sticky":false,"template":"","format":"standard","meta":{"site-sidebar-layout":"default","site-content-layout":"","ast-site-content-layout":"default","site-content-style":"default","site-sidebar-style":"default","ast-global-header-display":"","ast-banner-title-visibility":"","ast-main-header-display":"","ast-hfb-above-header-display":"","ast-hfb-below-header-display":"","ast-hfb-mobile-header-display":"","site-post-title":"","ast-breadcrumbs-content":"","ast-featured-img":"","footer-sml-layout":"","ast-disable-related-posts":"","theme-transparent-header-meta":"","adv-header-id-meta":"","stick-header-meta":"","header-above-stick-meta":"","header-main-stick-meta":"","header-below-stick-meta":"","astra-migrate-meta-layouts":"default","ast-page-background-enabled":"default","ast-page-background-meta":{"desktop":{"background-color":"var(--ast-global-color-5)","background-image":"","background-repeat":"repeat","background-position":"center center","background-size":"auto","background-attachment":"scroll","background-type":"","background-media":"","overlay-type":"","overlay-color":"","overlay-opacity":"","overlay-gradient":""},"tablet":{"background-color":"","background-image":"","background-repeat":"repeat","background-position":"center center","background-size":"auto","background-attachment":"scroll","background-type":"","background-media":"","overlay-type":"","overlay-color":"","overlay-opacity":"","overlay-gradient":""},"mobile":{"background-color":"","background-image":"","background-repeat":"repeat","background-position":"center center","background-size":"auto","background-attachment":"scroll","background-type":"","background-media":"","overlay-type":"","overlay-color":"","overlay-opacity":"","overlay-gradient":""}},"ast-content-background-meta":{"desktop":{"background-color":"var(--ast-global-color-4)","background-image":"","background-repeat":"repeat","background-position":"center center","background-size":"auto","background-attachment":"scroll","background-type":"","background-media":"","overlay-type":"","overlay-color":"","overlay-opacity":"","overlay-gradient":""},"tablet":{"background-color":"var(--ast-global-color-4)","background-image":"","background-repeat":"repeat","background-position":"center center","background-size":"auto","background-attachment":"scroll","background-type":"","background-media":"","overlay-type":"","overlay-color":"","overlay-opacity":"","overlay-gradient":""},"mobile":{"background-color":"var(--ast-global-color-4)","background-image":"","background-repeat":"repeat","background-position":"center center","background-size":"auto","background-attachment":"scroll","background-type":"","background-media":"","overlay-type":"","overlay-color":"","overlay-opacity":"","overlay-gradient":""}},"_joinchat":[],"footnotes":"","_links_to":"","_links_to_target":""},"categories":[3329],"tags":[],"class_list":["post-21787","post","type-post","status-publish","format-standard","has-post-thumbnail","hentry","category-noticias"],"yoast_head":"<!-- This site is optimized with the Yoast SEO plugin v27.5 - https:\/\/yoast.com\/product\/yoast-seo-wordpress\/ -->\n<title>SINDIGRU presente com a\u00e7\u00f5es para os trabalhadores da carga dom\u00e9stica - SINDIGRU<\/title>\n<meta name=\"robots\" content=\"index, follow, max-snippet:-1, max-image-preview:large, max-video-preview:-1\" \/>\n<link rel=\"canonical\" href=\"https:\/\/modelo.criativeweb.com.br\/sindigru\/sindigru-presente-com-acoes-para-os-trabalhadores-da-carga-domestica\/\" \/>\n<meta property=\"og:locale\" content=\"pt_BR\" \/>\n<meta property=\"og:type\" content=\"article\" \/>\n<meta property=\"og:title\" content=\"SINDIGRU presente com a\u00e7\u00f5es para os trabalhadores da carga dom\u00e9stica - SINDIGRU\" \/>\n<meta property=\"og:description\" content=\"No dia 9 de maio, o sindicato vai estar presente na carga dom\u00e9stica da LATAM com a\u00e7\u00f5es estrat\u00e9gicas: informa\u00e7\u00f5es atualizadas [&hellip;]\" \/>\n<meta property=\"og:url\" content=\"https:\/\/modelo.criativeweb.com.br\/sindigru\/sindigru-presente-com-acoes-para-os-trabalhadores-da-carga-domestica\/\" \/>\n<meta property=\"og:site_name\" content=\"SINDIGRU\" \/>\n<meta property=\"article:publisher\" content=\"https:\/\/www.facebook.com\/sindigru\" \/>\n<meta property=\"article:published_time\" content=\"2025-05-05T19:21:32+00:00\" \/>\n<meta property=\"og:image\" content=\"https:\/\/modelo.criativeweb.com.br\/sindigru\/wp-content\/uploads\/2026\/05\/WhatsApp-Image-2025-05-05-at-16.09.05.jpeg\" \/>\n\t<meta property=\"og:image:width\" content=\"1600\" \/>\n\t<meta property=\"og:image:height\" content=\"1066\" \/>\n\t<meta property=\"og:image:type\" content=\"image\/jpeg\" \/>\n<meta name=\"author\" content=\"Roberto\" \/>\n<meta name=\"twitter:card\" content=\"summary_large_image\" \/>\n<meta name=\"twitter:creator\" content=\"@sindigru\" \/>\n<meta name=\"twitter:site\" content=\"@sindigru\" \/>\n<meta name=\"twitter:label1\" content=\"Escrito por\" \/>\n\t<meta name=\"twitter:data1\" content=\"Roberto\" \/>\n\t<meta name=\"twitter:label2\" content=\"Est. tempo de leitura\" \/>\n\t<meta name=\"twitter:data2\" content=\"2 minutos\" \/>\n<script type=\"application\/ld+json\" class=\"yoast-schema-graph\">{\"@context\":\"https:\\\/\\\/schema.org\",\"@graph\":[{\"@type\":\"Article\",\"@id\":\"https:\\\/\\\/modelo.criativeweb.com.br\\\/sindigru\\\/sindigru-presente-com-acoes-para-os-trabalhadores-da-carga-domestica\\\/#article\",\"isPartOf\":{\"@id\":\"https:\\\/\\\/modelo.criativeweb.com.br\\\/sindigru\\\/sindigru-presente-com-acoes-para-os-trabalhadores-da-carga-domestica\\\/\"},\"author\":{\"name\":\"Roberto\",\"@id\":\"https:\\\/\\\/modelo.criativeweb.com.br\\\/sindigru\\\/#\\\/schema\\\/person\\\/ebbf8e182b04c80b29fafd391ba2c71d\"},\"headline\":\"SINDIGRU presente com a\u00e7\u00f5es para os trabalhadores da carga dom\u00e9stica\",\"datePublished\":\"2025-05-05T19:21:32+00:00\",\"mainEntityOfPage\":{\"@id\":\"https:\\\/\\\/modelo.criativeweb.com.br\\\/sindigru\\\/sindigru-presente-com-acoes-para-os-trabalhadores-da-carga-domestica\\\/\"},\"wordCount\":171,\"commentCount\":0,\"publisher\":{\"@id\":\"https:\\\/\\\/modelo.criativeweb.com.br\\\/sindigru\\\/#organization\"},\"image\":{\"@id\":\"https:\\\/\\\/modelo.criativeweb.com.br\\\/sindigru\\\/sindigru-presente-com-acoes-para-os-trabalhadores-da-carga-domestica\\\/#primaryimage\"},\"thumbnailUrl\":\"https:\\\/\\\/modelo.criativeweb.com.br\\\/sindigru\\\/wp-content\\\/uploads\\\/2026\\\/05\\\/WhatsApp-Image-2025-05-05-at-16.09.05.jpeg\",\"articleSection\":[\"Not\u00edcias\"],\"inLanguage\":\"pt-BR\",\"potentialAction\":[{\"@type\":\"CommentAction\",\"name\":\"Comment\",\"target\":[\"https:\\\/\\\/modelo.criativeweb.com.br\\\/sindigru\\\/sindigru-presente-com-acoes-para-os-trabalhadores-da-carga-domestica\\\/#respond\"]}]},{\"@type\":\"WebPage\",\"@id\":\"https:\\\/\\\/modelo.criativeweb.com.br\\\/sindigru\\\/sindigru-presente-com-acoes-para-os-trabalhadores-da-carga-domestica\\\/\",\"url\":\"https:\\\/\\\/modelo.criativeweb.com.br\\\/sindigru\\\/sindigru-presente-com-acoes-para-os-trabalhadores-da-carga-domestica\\\/\",\"name\":\"SINDIGRU presente com a\u00e7\u00f5es para os trabalhadores da carga dom\u00e9stica - SINDIGRU\",\"isPartOf\":{\"@id\":\"https:\\\/\\\/modelo.criativeweb.com.br\\\/sindigru\\\/#website\"},\"primaryImageOfPage\":{\"@id\":\"https:\\\/\\\/modelo.criativeweb.com.br\\\/sindigru\\\/sindigru-presente-com-acoes-para-os-trabalhadores-da-carga-domestica\\\/#primaryimage\"},\"image\":{\"@id\":\"https:\\\/\\\/modelo.criativeweb.com.br\\\/sindigru\\\/sindigru-presente-com-acoes-para-os-trabalhadores-da-carga-domestica\\\/#primaryimage\"},\"thumbnailUrl\":\"https:\\\/\\\/modelo.criativeweb.com.br\\\/sindigru\\\/wp-content\\\/uploads\\\/2026\\\/05\\\/WhatsApp-Image-2025-05-05-at-16.09.05.jpeg\",\"datePublished\":\"2025-05-05T19:21:32+00:00\",\"breadcrumb\":{\"@id\":\"https:\\\/\\\/modelo.criativeweb.com.br\\\/sindigru\\\/sindigru-presente-com-acoes-para-os-trabalhadores-da-carga-domestica\\\/#breadcrumb\"},\"inLanguage\":\"pt-BR\",\"potentialAction\":[{\"@type\":\"ReadAction\",\"target\":[\"https:\\\/\\\/modelo.criativeweb.com.br\\\/sindigru\\\/sindigru-presente-com-acoes-para-os-trabalhadores-da-carga-domestica\\\/\"]}]},{\"@type\":\"ImageObject\",\"inLanguage\":\"pt-BR\",\"@id\":\"https:\\\/\\\/modelo.criativeweb.com.br\\\/sindigru\\\/sindigru-presente-com-acoes-para-os-trabalhadores-da-carga-domestica\\\/#primaryimage\",\"url\":\"https:\\\/\\\/modelo.criativeweb.com.br\\\/sindigru\\\/wp-content\\\/uploads\\\/2026\\\/05\\\/WhatsApp-Image-2025-05-05-at-16.09.05.jpeg\",\"contentUrl\":\"https:\\\/\\\/modelo.criativeweb.com.br\\\/sindigru\\\/wp-content\\\/uploads\\\/2026\\\/05\\\/WhatsApp-Image-2025-05-05-at-16.09.05.jpeg\",\"width\":1600,\"height\":1066},{\"@type\":\"BreadcrumbList\",\"@id\":\"https:\\\/\\\/modelo.criativeweb.com.br\\\/sindigru\\\/sindigru-presente-com-acoes-para-os-trabalhadores-da-carga-domestica\\\/#breadcrumb\",\"itemListElement\":[{\"@type\":\"ListItem\",\"position\":1,\"name\":\"In\u00edcio\",\"item\":\"https:\\\/\\\/modelo.criativeweb.com.br\\\/sindigru\\\/\"},{\"@type\":\"ListItem\",\"position\":2,\"name\":\"SINDIGRU presente com a\u00e7\u00f5es para os trabalhadores da carga dom\u00e9stica\"}]},{\"@type\":\"WebSite\",\"@id\":\"https:\\\/\\\/modelo.criativeweb.com.br\\\/sindigru\\\/#website\",\"url\":\"https:\\\/\\\/modelo.criativeweb.com.br\\\/sindigru\\\/\",\"name\":\"SINDIGRU\",\"description\":\"Sindicato dos Aerovi\u00e1rios de Guarulhos.\",\"publisher\":{\"@id\":\"https:\\\/\\\/modelo.criativeweb.com.br\\\/sindigru\\\/#organization\"},\"potentialAction\":[{\"@type\":\"SearchAction\",\"target\":{\"@type\":\"EntryPoint\",\"urlTemplate\":\"https:\\\/\\\/modelo.criativeweb.com.br\\\/sindigru\\\/?s={search_term_string}\"},\"query-input\":{\"@type\":\"PropertyValueSpecification\",\"valueRequired\":true,\"valueName\":\"search_term_string\"}}],\"inLanguage\":\"pt-BR\"},{\"@type\":\"Organization\",\"@id\":\"https:\\\/\\\/modelo.criativeweb.com.br\\\/sindigru\\\/#organization\",\"name\":\"Sindigru\",\"url\":\"https:\\\/\\\/modelo.criativeweb.com.br\\\/sindigru\\\/\",\"logo\":{\"@type\":\"ImageObject\",\"inLanguage\":\"pt-BR\",\"@id\":\"https:\\\/\\\/modelo.criativeweb.com.br\\\/sindigru\\\/#\\\/schema\\\/logo\\\/image\\\/\",\"url\":\"\",\"contentUrl\":\"\",\"caption\":\"Sindigru\"},\"image\":{\"@id\":\"https:\\\/\\\/modelo.criativeweb.com.br\\\/sindigru\\\/#\\\/schema\\\/logo\\\/image\\\/\"},\"sameAs\":[\"https:\\\/\\\/www.facebook.com\\\/sindigru\",\"https:\\\/\\\/x.com\\\/sindigru\",\"https:\\\/\\\/www.youtube.com\\\/c\\\/SINDIGRU-CUT\",\"https:\\\/\\\/instagram.com\\\/sindigru\"]},{\"@type\":\"Person\",\"@id\":\"https:\\\/\\\/modelo.criativeweb.com.br\\\/sindigru\\\/#\\\/schema\\\/person\\\/ebbf8e182b04c80b29fafd391ba2c71d\",\"name\":\"Roberto\",\"image\":{\"@type\":\"ImageObject\",\"inLanguage\":\"pt-BR\",\"@id\":\"https:\\\/\\\/secure.gravatar.com\\\/avatar\\\/fae9cbedfe570656231ad990f3aa947c7a9b5e6fa73065d842851f30b12ae6b4?s=96&d=mm&r=g\",\"url\":\"https:\\\/\\\/secure.gravatar.com\\\/avatar\\\/fae9cbedfe570656231ad990f3aa947c7a9b5e6fa73065d842851f30b12ae6b4?s=96&d=mm&r=g\",\"contentUrl\":\"https:\\\/\\\/secure.gravatar.com\\\/avatar\\\/fae9cbedfe570656231ad990f3aa947c7a9b5e6fa73065d842851f30b12ae6b4?s=96&d=mm&r=g\",\"caption\":\"Roberto\"}}]}<\/script>\n<!-- \/ Yoast SEO plugin. -->","yoast_head_json":{"title":"SINDIGRU presente com a\u00e7\u00f5es para os trabalhadores da carga dom\u00e9stica - SINDIGRU","robots":{"index":"index","follow":"follow","max-snippet":"max-snippet:-1","max-image-preview":"max-image-preview:large","max-video-preview":"max-video-preview:-1"},"canonical":"https:\/\/modelo.criativeweb.com.br\/sindigru\/sindigru-presente-com-acoes-para-os-trabalhadores-da-carga-domestica\/","og_locale":"pt_BR","og_type":"article","og_title":"SINDIGRU presente com a\u00e7\u00f5es para os trabalhadores da carga dom\u00e9stica - SINDIGRU","og_description":"No dia 9 de maio, o sindicato vai estar presente na carga dom\u00e9stica da LATAM com a\u00e7\u00f5es estrat\u00e9gicas: informa\u00e7\u00f5es atualizadas [&hellip;]","og_url":"https:\/\/modelo.criativeweb.com.br\/sindigru\/sindigru-presente-com-acoes-para-os-trabalhadores-da-carga-domestica\/","og_site_name":"SINDIGRU","article_publisher":"https:\/\/www.facebook.com\/sindigru","article_published_time":"2025-05-05T19:21:32+00:00","og_image":[{"width":1600,"height":1066,"url":"https:\/\/modelo.criativeweb.com.br\/sindigru\/wp-content\/uploads\/2026\/05\/WhatsApp-Image-2025-05-05-at-16.09.05.jpeg","type":"image\/jpeg"}],"author":"Roberto","twitter_card":"summary_large_image","twitter_creator":"@sindigru","twitter_site":"@sindigru","twitter_misc":{"Escrito por":"Roberto","Est. tempo de leitura":"2 minutos"},"schema":{"@context":"https:\/\/schema.org","@graph":[{"@type":"Article","@id":"https:\/\/modelo.criativeweb.com.br\/sindigru\/sindigru-presente-com-acoes-para-os-trabalhadores-da-carga-domestica\/#article","isPartOf":{"@id":"https:\/\/modelo.criativeweb.com.br\/sindigru\/sindigru-presente-com-acoes-para-os-trabalhadores-da-carga-domestica\/"},"author":{"name":"Roberto","@id":"https:\/\/modelo.criativeweb.com.br\/sindigru\/#\/schema\/person\/ebbf8e182b04c80b29fafd391ba2c71d"},"headline":"SINDIGRU presente com a\u00e7\u00f5es para os trabalhadores da carga dom\u00e9stica","datePublished":"2025-05-05T19:21:32+00:00","mainEntityOfPage":{"@id":"https:\/\/modelo.criativeweb.com.br\/sindigru\/sindigru-presente-com-acoes-para-os-trabalhadores-da-carga-domestica\/"},"wordCount":171,"commentCount":0,"publisher":{"@id":"https:\/\/modelo.criativeweb.com.br\/sindigru\/#organization"},"image":{"@id":"https:\/\/modelo.criativeweb.com.br\/sindigru\/sindigru-presente-com-acoes-para-os-trabalhadores-da-carga-domestica\/#primaryimage"},"thumbnailUrl":"https:\/\/modelo.criativeweb.com.br\/sindigru\/wp-content\/uploads\/2026\/05\/WhatsApp-Image-2025-05-05-at-16.09.05.jpeg","articleSection":["Not\u00edcias"],"inLanguage":"pt-BR","potentialAction":[{"@type":"CommentAction","name":"Comment","target":["https:\/\/modelo.criativeweb.com.br\/sindigru\/sindigru-presente-com-acoes-para-os-trabalhadores-da-carga-domestica\/#respond"]}]},{"@type":"WebPage","@id":"https:\/\/modelo.criativeweb.com.br\/sindigru\/sindigru-presente-com-acoes-para-os-trabalhadores-da-carga-domestica\/","url":"https:\/\/modelo.criativeweb.com.br\/sindigru\/sindigru-presente-com-acoes-para-os-trabalhadores-da-carga-domestica\/","name":"SINDIGRU presente com a\u00e7\u00f5es para os trabalhadores da carga dom\u00e9stica - SINDIGRU","isPartOf":{"@id":"https:\/\/modelo.criativeweb.com.br\/sindigru\/#website"},"primaryImageOfPage":{"@id":"https:\/\/modelo.criativeweb.com.br\/sindigru\/sindigru-presente-com-acoes-para-os-trabalhadores-da-carga-domestica\/#primaryimage"},"image":{"@id":"https:\/\/modelo.criativeweb.com.br\/sindigru\/sindigru-presente-com-acoes-para-os-trabalhadores-da-carga-domestica\/#primaryimage"},"thumbnailUrl":"https:\/\/modelo.criativeweb.com.br\/sindigru\/wp-content\/uploads\/2026\/05\/WhatsApp-Image-2025-05-05-at-16.09.05.jpeg","datePublished":"2025-05-05T19:21:32+00:00","breadcrumb":{"@id":"https:\/\/modelo.criativeweb.com.br\/sindigru\/sindigru-presente-com-acoes-para-os-trabalhadores-da-carga-domestica\/#breadcrumb"},"inLanguage":"pt-BR","potentialAction":[{"@type":"ReadAction","target":["https:\/\/modelo.criativeweb.com.br\/sindigru\/sindigru-presente-com-acoes-para-os-trabalhadores-da-carga-domestica\/"]}]},{"@type":"ImageObject","inLanguage":"pt-BR","@id":"https:\/\/modelo.criativeweb.com.br\/sindigru\/sindigru-presente-com-acoes-para-os-trabalhadores-da-carga-domestica\/#primaryimage","url":"https:\/\/modelo.criativeweb.com.br\/sindigru\/wp-content\/uploads\/2026\/05\/WhatsApp-Image-2025-05-05-at-16.09.05.jpeg","contentUrl":"https:\/\/modelo.criativeweb.com.br\/sindigru\/wp-content\/uploads\/2026\/05\/WhatsApp-Image-2025-05-05-at-16.09.05.jpeg","width":1600,"height":1066},{"@type":"BreadcrumbList","@id":"https:\/\/modelo.criativeweb.com.br\/sindigru\/sindigru-presente-com-acoes-para-os-trabalhadores-da-carga-domestica\/#breadcrumb","itemListElement":[{"@type":"ListItem","position":1,"name":"In\u00edcio","item":"https:\/\/modelo.criativeweb.com.br\/sindigru\/"},{"@type":"ListItem","position":2,"name":"SINDIGRU presente com a\u00e7\u00f5es para os trabalhadores da carga dom\u00e9stica"}]},{"@type":"WebSite","@id":"https:\/\/modelo.criativeweb.com.br\/sindigru\/#website","url":"https:\/\/modelo.criativeweb.com.br\/sindigru\/","name":"SINDIGRU","description":"Sindicato dos Aerovi\u00e1rios de Guarulhos.","publisher":{"@id":"https:\/\/modelo.criativeweb.com.br\/sindigru\/#organization"},"potentialAction":[{"@type":"SearchAction","target":{"@type":"EntryPoint","urlTemplate":"https:\/\/modelo.criativeweb.com.br\/sindigru\/?s={search_term_string}"},"query-input":{"@type":"PropertyValueSpecification","valueRequired":true,"valueName":"search_term_string"}}],"inLanguage":"pt-BR"},{"@type":"Organization","@id":"https:\/\/modelo.criativeweb.com.br\/sindigru\/#organization","name":"Sindigru","url":"https:\/\/modelo.criativeweb.com.br\/sindigru\/","logo":{"@type":"ImageObject","inLanguage":"pt-BR","@id":"https:\/\/modelo.criativeweb.com.br\/sindigru\/#\/schema\/logo\/image\/","url":"","contentUrl":"","caption":"Sindigru"},"image":{"@id":"https:\/\/modelo.criativeweb.com.br\/sindigru\/#\/schema\/logo\/image\/"},"sameAs":["https:\/\/www.facebook.com\/sindigru","https:\/\/x.com\/sindigru","https:\/\/www.youtube.com\/c\/SINDIGRU-CUT","https:\/\/instagram.com\/sindigru"]},{"@type":"Person","@id":"https:\/\/modelo.criativeweb.com.br\/sindigru\/#\/schema\/person\/ebbf8e182b04c80b29fafd391ba2c71d","name":"Roberto","image":{"@type":"ImageObject","inLanguage":"pt-BR","@id":"https:\/\/secure.gravatar.com\/avatar\/fae9cbedfe570656231ad990f3aa947c7a9b5e6fa73065d842851f30b12ae6b4?s=96&d=mm&r=g","url":"https:\/\/secure.gravatar.com\/avatar\/fae9cbedfe570656231ad990f3aa947c7a9b5e6fa73065d842851f30b12ae6b4?s=96&d=mm&r=g","contentUrl":"https:\/\/secure.gravatar.com\/avatar\/fae9cbedfe570656231ad990f3aa947c7a9b5e6fa73065d842851f30b12ae6b4?s=96&d=mm&r=g","caption":"Roberto"}}]}},"_links":{"self":[{"href":"https:\/\/modelo.criativeweb.com.br\/sindigru\/wp-json\/wp\/v2\/posts\/21787","targetHints":{"allow":["GET"]}}],"collection":[{"href":"https:\/\/modelo.criativeweb.com.br\/sindigru\/wp-json\/wp\/v2\/posts"}],"about":[{"href":"https:\/\/modelo.criativeweb.com.br\/sindigru\/wp-json\/wp\/v2\/types\/post"}],"author":[{"embeddable":true,"href":"https:\/\/modelo.criativeweb.com.br\/sindigru\/wp-json\/wp\/v2\/users\/10"}],"replies":[{"embeddable":true,"href":"https:\/\/modelo.criativeweb.com.br\/sindigru\/wp-json\/wp\/v2\/comments?post=21787"}],"version-history":[{"count":0,"href":"https:\/\/modelo.criativeweb.com.br\/sindigru\/wp-json\/wp\/v2\/posts\/21787\/revisions"}],"wp:featuredmedia":[{"embeddable":true,"href":"https:\/\/modelo.criativeweb.com.br\/sindigru\/wp-json\/wp\/v2\/media\/18671"}],"wp:attachment":[{"href":"https:\/\/modelo.criativeweb.com.br\/sindigru\/wp-json\/wp\/v2\/media?parent=21787"}],"wp:term":[{"taxonomy":"category","embeddable":true,"href":"https:\/\/modelo.criativeweb.com.br\/sindigru\/wp-json\/wp\/v2\/categories?post=21787"},{"taxonomy":"post_tag","embeddable":true,"href":"https:\/\/modelo.criativeweb.com.br\/sindigru\/wp-json\/wp\/v2\/tags?post=21787"}],"curies":[{"name":"wp","href":"https:\/\/api.w.org\/{rel}","templated":true}]}}