{"id":21786,"date":"2025-05-02T17:03:28","date_gmt":"2025-05-02T20:03:28","guid":{"rendered":"https:\/\/modelo.criativeweb.com.br\/sindigru\/sindigru-presente-no-forum-dos-trabalhadores-da-aviacao-uma-discussao-macro-para-a-categoria\/"},"modified":"2025-05-02T17:03:28","modified_gmt":"2025-05-02T20:03:28","slug":"sindigru-presente-no-forum-dos-trabalhadores-da-aviacao-uma-discussao-macro-para-a-categoria","status":"publish","type":"post","link":"https:\/\/modelo.criativeweb.com.br\/sindigru\/sindigru-presente-no-forum-dos-trabalhadores-da-aviacao-uma-discussao-macro-para-a-categoria\/","title":{"rendered":"SINDIGRU presente no F\u00f3rum dos Trabalhadores da Avia\u00e7\u00e3o, uma discuss\u00e3o macro para a categoria"},"content":{"rendered":"<p>No dia 6 de maio de 2025, \u00e0s 10h, acontece em Bras\u00edlia um importante momento para os trabalhadores da avia\u00e7\u00e3o civil brasileira: o F\u00f3rum dos Trabalhadores da Avia\u00e7\u00e3o, promovido pelo Minist\u00e9rio de Portos e Aeroportos, por iniciativa do ministro Silvio Costa Filho. Mas, mais do que um evento institucional, este encontro \u00e9 fruto direto da luta e articula\u00e7\u00e3o da classe trabalhadora, representada com protagonismo pelo Sindicato dos Aerovi\u00e1rios de Guarulhos (SINDIGRU) \u2014 idealizador e co-criador desta importante conquista coletiva.<\/p>\n<p>Para o presidente do SINDIGRU, Rodrigo Maciel, vale lembrar o apoio de parlamentares e do ministro Silvio Costa na constitui\u00e7\u00e3o desse f\u00f3rum, e da import\u00e2ncia dele para os aerovi\u00e1rios do Brasil. \u201cA presen\u00e7a do SINDIGRU neste f\u00f3rum n\u00e3o \u00e9 apenas simb\u00f3lica \u2014 \u00e9 o reconhecimento de um hist\u00f3rico, essa a\u00e7\u00e3o \u00e9 parte do nosso plano de trabalho, deliberado no ano de 2022. O sindicato foi essencial na constru\u00e7\u00e3o deste espa\u00e7o e estar\u00e1 em Bras\u00edlia n\u00e3o apenas como representante dos aerovi\u00e1rios e aerovi\u00e1rias de Guarulhos, mas, \u00e9 um fato novo, uma conquista nova, um campo novo de tratativas, onde estaremos inseridos no planejamento estrat\u00e9gico, regulat\u00f3rio, de desenvolvimento, n\u00e3o s\u00f3 econ\u00f4mico, mas operacional, uma quest\u00e3o macro do setor, reafirmando nosso compromisso com o fortalecimento da categoria\u201d, afirmou.<\/p>\n<p><img fetchpriority=\"high\" decoding=\"async\" class=\"alignnone size-medium wp-image-11538\" src=\"https:\/\/modelo.criativeweb.com.br\/sindigru\/wp-content\/uploads\/2025\/05\/Sindigru-brasilia-300x200.jpg\" alt=\"\" width=\"300\" height=\"200\" \/><\/p>\n<p><em>Maciel durante encontro com o ministro Silvio Costa Filho, em abril de 2024, oportunidade em que discutiam a cria\u00e7\u00e3o do F\u00f3rum<\/em><\/p>\n<div class=\"gsp_post_data\" \r\n\t            data-post_type=\"post\" \r\n\t            data-cat=\"noticias\" \r\n\t            data-modified=\"120\"\r\n\t            data-created=\"1746205408\"\r\n\t            data-title=\"SINDIGRU presente no F\u00f3rum dos Trabalhadores da Avia\u00e7\u00e3o, uma discuss\u00e3o macro para a categoria\" \r\n\t            data-home=\"https:\/\/modelo.criativeweb.com.br\/sindigru\"><\/div>","protected":false},"excerpt":{"rendered":"<p>No dia 6 de maio de 2025, \u00e0s 10h, acontece em Bras\u00edlia um importante momento para os trabalhadores da avia\u00e7\u00e3o [&hellip;]<\/p>\n","protected":false},"author":10,"featured_media":18670,"comment_status":"open","ping_status":"open","sticky":false,"template":"","format":"standard","meta":{"site-sidebar-layout":"default","site-content-layout":"","ast-site-content-layout":"default","site-content-style":"default","site-sidebar-style":"default","ast-global-header-display":"","ast-banner-title-visibility":"","ast-main-header-display":"","ast-hfb-above-header-display":"","ast-hfb-below-header-display":"","ast-hfb-mobile-header-display":"","site-post-title":"","ast-breadcrumbs-content":"","ast-featured-img":"","footer-sml-layout":"","ast-disable-related-posts":"","theme-transparent-header-meta":"","adv-header-id-meta":"","stick-header-meta":"","header-above-stick-meta":"","header-main-stick-meta":"","header-below-stick-meta":"","astra-migrate-meta-layouts":"default","ast-page-background-enabled":"default","ast-page-background-meta":{"desktop":{"background-color":"var(--ast-global-color-5)","background-image":"","background-repeat":"repeat","background-position":"center center","background-size":"auto","background-attachment":"scroll","background-type":"","background-media":"","overlay-type":"","overlay-color":"","overlay-opacity":"","overlay-gradient":""},"tablet":{"background-color":"","background-image":"","background-repeat":"repeat","background-position":"center center","background-size":"auto","background-attachment":"scroll","background-type":"","background-media":"","overlay-type":"","overlay-color":"","overlay-opacity":"","overlay-gradient":""},"mobile":{"background-color":"","background-image":"","background-repeat":"repeat","background-position":"center center","background-size":"auto","background-attachment":"scroll","background-type":"","background-media":"","overlay-type":"","overlay-color":"","overlay-opacity":"","overlay-gradient":""}},"ast-content-background-meta":{"desktop":{"background-color":"var(--ast-global-color-4)","background-image":"","background-repeat":"repeat","background-position":"center center","background-size":"auto","background-attachment":"scroll","background-type":"","background-media":"","overlay-type":"","overlay-color":"","overlay-opacity":"","overlay-gradient":""},"tablet":{"background-color":"var(--ast-global-color-4)","background-image":"","background-repeat":"repeat","background-position":"center center","background-size":"auto","background-attachment":"scroll","background-type":"","background-media":"","overlay-type":"","overlay-color":"","overlay-opacity":"","overlay-gradient":""},"mobile":{"background-color":"var(--ast-global-color-4)","background-image":"","background-repeat":"repeat","background-position":"center center","background-size":"auto","background-attachment":"scroll","background-type":"","background-media":"","overlay-type":"","overlay-color":"","overlay-opacity":"","overlay-gradient":""}},"_joinchat":[],"footnotes":"","_links_to":"","_links_to_target":""},"categories":[3329],"tags":[],"class_list":["post-21786","post","type-post","status-publish","format-standard","has-post-thumbnail","hentry","category-noticias"],"yoast_head":"<!-- This site is optimized with the Yoast SEO plugin v27.5 - https:\/\/yoast.com\/product\/yoast-seo-wordpress\/ -->\n<title>SINDIGRU presente no F\u00f3rum dos Trabalhadores da Avia\u00e7\u00e3o, uma discuss\u00e3o macro para a categoria - SINDIGRU<\/title>\n<meta name=\"robots\" content=\"index, follow, max-snippet:-1, max-image-preview:large, max-video-preview:-1\" \/>\n<link rel=\"canonical\" href=\"https:\/\/modelo.criativeweb.com.br\/sindigru\/sindigru-presente-no-forum-dos-trabalhadores-da-aviacao-uma-discussao-macro-para-a-categoria\/\" \/>\n<meta property=\"og:locale\" content=\"pt_BR\" \/>\n<meta property=\"og:type\" content=\"article\" \/>\n<meta property=\"og:title\" content=\"SINDIGRU presente no F\u00f3rum dos Trabalhadores da Avia\u00e7\u00e3o, uma discuss\u00e3o macro para a categoria - SINDIGRU\" \/>\n<meta property=\"og:description\" content=\"No dia 6 de maio de 2025, \u00e0s 10h, acontece em Bras\u00edlia um importante momento para os trabalhadores da avia\u00e7\u00e3o [&hellip;]\" \/>\n<meta property=\"og:url\" content=\"https:\/\/modelo.criativeweb.com.br\/sindigru\/sindigru-presente-no-forum-dos-trabalhadores-da-aviacao-uma-discussao-macro-para-a-categoria\/\" \/>\n<meta property=\"og:site_name\" content=\"SINDIGRU\" \/>\n<meta property=\"article:publisher\" content=\"https:\/\/www.facebook.com\/sindigru\" \/>\n<meta property=\"article:published_time\" content=\"2025-05-02T20:03:28+00:00\" \/>\n<meta property=\"og:image\" content=\"https:\/\/modelo.criativeweb.com.br\/sindigru\/wp-content\/uploads\/2026\/05\/Sindigru-brasilia-1.jpg\" \/>\n\t<meta property=\"og:image:width\" content=\"2560\" \/>\n\t<meta property=\"og:image:height\" content=\"1707\" \/>\n\t<meta property=\"og:image:type\" content=\"image\/jpeg\" \/>\n<meta name=\"author\" content=\"Roberto\" \/>\n<meta name=\"twitter:card\" content=\"summary_large_image\" \/>\n<meta name=\"twitter:creator\" content=\"@sindigru\" \/>\n<meta name=\"twitter:site\" content=\"@sindigru\" \/>\n<meta name=\"twitter:label1\" content=\"Escrito por\" \/>\n\t<meta name=\"twitter:data1\" content=\"Roberto\" \/>\n\t<meta name=\"twitter:label2\" content=\"Est. tempo de leitura\" \/>\n\t<meta name=\"twitter:data2\" content=\"2 minutos\" \/>\n<script type=\"application\/ld+json\" class=\"yoast-schema-graph\">{\"@context\":\"https:\\\/\\\/schema.org\",\"@graph\":[{\"@type\":\"Article\",\"@id\":\"https:\\\/\\\/modelo.criativeweb.com.br\\\/sindigru\\\/sindigru-presente-no-forum-dos-trabalhadores-da-aviacao-uma-discussao-macro-para-a-categoria\\\/#article\",\"isPartOf\":{\"@id\":\"https:\\\/\\\/modelo.criativeweb.com.br\\\/sindigru\\\/sindigru-presente-no-forum-dos-trabalhadores-da-aviacao-uma-discussao-macro-para-a-categoria\\\/\"},\"author\":{\"name\":\"Roberto\",\"@id\":\"https:\\\/\\\/modelo.criativeweb.com.br\\\/sindigru\\\/#\\\/schema\\\/person\\\/ebbf8e182b04c80b29fafd391ba2c71d\"},\"headline\":\"SINDIGRU presente no F\u00f3rum dos Trabalhadores da Avia\u00e7\u00e3o, uma discuss\u00e3o macro para a categoria\",\"datePublished\":\"2025-05-02T20:03:28+00:00\",\"mainEntityOfPage\":{\"@id\":\"https:\\\/\\\/modelo.criativeweb.com.br\\\/sindigru\\\/sindigru-presente-no-forum-dos-trabalhadores-da-aviacao-uma-discussao-macro-para-a-categoria\\\/\"},\"wordCount\":261,\"commentCount\":0,\"publisher\":{\"@id\":\"https:\\\/\\\/modelo.criativeweb.com.br\\\/sindigru\\\/#organization\"},\"image\":{\"@id\":\"https:\\\/\\\/modelo.criativeweb.com.br\\\/sindigru\\\/sindigru-presente-no-forum-dos-trabalhadores-da-aviacao-uma-discussao-macro-para-a-categoria\\\/#primaryimage\"},\"thumbnailUrl\":\"https:\\\/\\\/modelo.criativeweb.com.br\\\/sindigru\\\/wp-content\\\/uploads\\\/2026\\\/05\\\/Sindigru-brasilia-1.jpg\",\"articleSection\":[\"Not\u00edcias\"],\"inLanguage\":\"pt-BR\",\"potentialAction\":[{\"@type\":\"CommentAction\",\"name\":\"Comment\",\"target\":[\"https:\\\/\\\/modelo.criativeweb.com.br\\\/sindigru\\\/sindigru-presente-no-forum-dos-trabalhadores-da-aviacao-uma-discussao-macro-para-a-categoria\\\/#respond\"]}]},{\"@type\":\"WebPage\",\"@id\":\"https:\\\/\\\/modelo.criativeweb.com.br\\\/sindigru\\\/sindigru-presente-no-forum-dos-trabalhadores-da-aviacao-uma-discussao-macro-para-a-categoria\\\/\",\"url\":\"https:\\\/\\\/modelo.criativeweb.com.br\\\/sindigru\\\/sindigru-presente-no-forum-dos-trabalhadores-da-aviacao-uma-discussao-macro-para-a-categoria\\\/\",\"name\":\"SINDIGRU presente no F\u00f3rum dos Trabalhadores da Avia\u00e7\u00e3o, uma discuss\u00e3o macro para a categoria - SINDIGRU\",\"isPartOf\":{\"@id\":\"https:\\\/\\\/modelo.criativeweb.com.br\\\/sindigru\\\/#website\"},\"primaryImageOfPage\":{\"@id\":\"https:\\\/\\\/modelo.criativeweb.com.br\\\/sindigru\\\/sindigru-presente-no-forum-dos-trabalhadores-da-aviacao-uma-discussao-macro-para-a-categoria\\\/#primaryimage\"},\"image\":{\"@id\":\"https:\\\/\\\/modelo.criativeweb.com.br\\\/sindigru\\\/sindigru-presente-no-forum-dos-trabalhadores-da-aviacao-uma-discussao-macro-para-a-categoria\\\/#primaryimage\"},\"thumbnailUrl\":\"https:\\\/\\\/modelo.criativeweb.com.br\\\/sindigru\\\/wp-content\\\/uploads\\\/2026\\\/05\\\/Sindigru-brasilia-1.jpg\",\"datePublished\":\"2025-05-02T20:03:28+00:00\",\"breadcrumb\":{\"@id\":\"https:\\\/\\\/modelo.criativeweb.com.br\\\/sindigru\\\/sindigru-presente-no-forum-dos-trabalhadores-da-aviacao-uma-discussao-macro-para-a-categoria\\\/#breadcrumb\"},\"inLanguage\":\"pt-BR\",\"potentialAction\":[{\"@type\":\"ReadAction\",\"target\":[\"https:\\\/\\\/modelo.criativeweb.com.br\\\/sindigru\\\/sindigru-presente-no-forum-dos-trabalhadores-da-aviacao-uma-discussao-macro-para-a-categoria\\\/\"]}]},{\"@type\":\"ImageObject\",\"inLanguage\":\"pt-BR\",\"@id\":\"https:\\\/\\\/modelo.criativeweb.com.br\\\/sindigru\\\/sindigru-presente-no-forum-dos-trabalhadores-da-aviacao-uma-discussao-macro-para-a-categoria\\\/#primaryimage\",\"url\":\"https:\\\/\\\/modelo.criativeweb.com.br\\\/sindigru\\\/wp-content\\\/uploads\\\/2026\\\/05\\\/Sindigru-brasilia-1.jpg\",\"contentUrl\":\"https:\\\/\\\/modelo.criativeweb.com.br\\\/sindigru\\\/wp-content\\\/uploads\\\/2026\\\/05\\\/Sindigru-brasilia-1.jpg\",\"width\":2560,\"height\":1707},{\"@type\":\"BreadcrumbList\",\"@id\":\"https:\\\/\\\/modelo.criativeweb.com.br\\\/sindigru\\\/sindigru-presente-no-forum-dos-trabalhadores-da-aviacao-uma-discussao-macro-para-a-categoria\\\/#breadcrumb\",\"itemListElement\":[{\"@type\":\"ListItem\",\"position\":1,\"name\":\"In\u00edcio\",\"item\":\"https:\\\/\\\/modelo.criativeweb.com.br\\\/sindigru\\\/\"},{\"@type\":\"ListItem\",\"position\":2,\"name\":\"SINDIGRU presente no F\u00f3rum dos Trabalhadores da Avia\u00e7\u00e3o, uma discuss\u00e3o macro para a categoria\"}]},{\"@type\":\"WebSite\",\"@id\":\"https:\\\/\\\/modelo.criativeweb.com.br\\\/sindigru\\\/#website\",\"url\":\"https:\\\/\\\/modelo.criativeweb.com.br\\\/sindigru\\\/\",\"name\":\"SINDIGRU\",\"description\":\"Sindicato dos Aerovi\u00e1rios de Guarulhos.\",\"publisher\":{\"@id\":\"https:\\\/\\\/modelo.criativeweb.com.br\\\/sindigru\\\/#organization\"},\"potentialAction\":[{\"@type\":\"SearchAction\",\"target\":{\"@type\":\"EntryPoint\",\"urlTemplate\":\"https:\\\/\\\/modelo.criativeweb.com.br\\\/sindigru\\\/?s={search_term_string}\"},\"query-input\":{\"@type\":\"PropertyValueSpecification\",\"valueRequired\":true,\"valueName\":\"search_term_string\"}}],\"inLanguage\":\"pt-BR\"},{\"@type\":\"Organization\",\"@id\":\"https:\\\/\\\/modelo.criativeweb.com.br\\\/sindigru\\\/#organization\",\"name\":\"Sindigru\",\"url\":\"https:\\\/\\\/modelo.criativeweb.com.br\\\/sindigru\\\/\",\"logo\":{\"@type\":\"ImageObject\",\"inLanguage\":\"pt-BR\",\"@id\":\"https:\\\/\\\/modelo.criativeweb.com.br\\\/sindigru\\\/#\\\/schema\\\/logo\\\/image\\\/\",\"url\":\"\",\"contentUrl\":\"\",\"caption\":\"Sindigru\"},\"image\":{\"@id\":\"https:\\\/\\\/modelo.criativeweb.com.br\\\/sindigru\\\/#\\\/schema\\\/logo\\\/image\\\/\"},\"sameAs\":[\"https:\\\/\\\/www.facebook.com\\\/sindigru\",\"https:\\\/\\\/x.com\\\/sindigru\",\"https:\\\/\\\/www.youtube.com\\\/c\\\/SINDIGRU-CUT\",\"https:\\\/\\\/instagram.com\\\/sindigru\"]},{\"@type\":\"Person\",\"@id\":\"https:\\\/\\\/modelo.criativeweb.com.br\\\/sindigru\\\/#\\\/schema\\\/person\\\/ebbf8e182b04c80b29fafd391ba2c71d\",\"name\":\"Roberto\",\"image\":{\"@type\":\"ImageObject\",\"inLanguage\":\"pt-BR\",\"@id\":\"https:\\\/\\\/secure.gravatar.com\\\/avatar\\\/fae9cbedfe570656231ad990f3aa947c7a9b5e6fa73065d842851f30b12ae6b4?s=96&d=mm&r=g\",\"url\":\"https:\\\/\\\/secure.gravatar.com\\\/avatar\\\/fae9cbedfe570656231ad990f3aa947c7a9b5e6fa73065d842851f30b12ae6b4?s=96&d=mm&r=g\",\"contentUrl\":\"https:\\\/\\\/secure.gravatar.com\\\/avatar\\\/fae9cbedfe570656231ad990f3aa947c7a9b5e6fa73065d842851f30b12ae6b4?s=96&d=mm&r=g\",\"caption\":\"Roberto\"}}]}<\/script>\n<!-- \/ Yoast SEO plugin. -->","yoast_head_json":{"title":"SINDIGRU presente no F\u00f3rum dos Trabalhadores da Avia\u00e7\u00e3o, uma discuss\u00e3o macro para a categoria - SINDIGRU","robots":{"index":"index","follow":"follow","max-snippet":"max-snippet:-1","max-image-preview":"max-image-preview:large","max-video-preview":"max-video-preview:-1"},"canonical":"https:\/\/modelo.criativeweb.com.br\/sindigru\/sindigru-presente-no-forum-dos-trabalhadores-da-aviacao-uma-discussao-macro-para-a-categoria\/","og_locale":"pt_BR","og_type":"article","og_title":"SINDIGRU presente no F\u00f3rum dos Trabalhadores da Avia\u00e7\u00e3o, uma discuss\u00e3o macro para a categoria - SINDIGRU","og_description":"No dia 6 de maio de 2025, \u00e0s 10h, acontece em Bras\u00edlia um importante momento para os trabalhadores da avia\u00e7\u00e3o [&hellip;]","og_url":"https:\/\/modelo.criativeweb.com.br\/sindigru\/sindigru-presente-no-forum-dos-trabalhadores-da-aviacao-uma-discussao-macro-para-a-categoria\/","og_site_name":"SINDIGRU","article_publisher":"https:\/\/www.facebook.com\/sindigru","article_published_time":"2025-05-02T20:03:28+00:00","og_image":[{"width":2560,"height":1707,"url":"https:\/\/modelo.criativeweb.com.br\/sindigru\/wp-content\/uploads\/2026\/05\/Sindigru-brasilia-1.jpg","type":"image\/jpeg"}],"author":"Roberto","twitter_card":"summary_large_image","twitter_creator":"@sindigru","twitter_site":"@sindigru","twitter_misc":{"Escrito por":"Roberto","Est. tempo de leitura":"2 minutos"},"schema":{"@context":"https:\/\/schema.org","@graph":[{"@type":"Article","@id":"https:\/\/modelo.criativeweb.com.br\/sindigru\/sindigru-presente-no-forum-dos-trabalhadores-da-aviacao-uma-discussao-macro-para-a-categoria\/#article","isPartOf":{"@id":"https:\/\/modelo.criativeweb.com.br\/sindigru\/sindigru-presente-no-forum-dos-trabalhadores-da-aviacao-uma-discussao-macro-para-a-categoria\/"},"author":{"name":"Roberto","@id":"https:\/\/modelo.criativeweb.com.br\/sindigru\/#\/schema\/person\/ebbf8e182b04c80b29fafd391ba2c71d"},"headline":"SINDIGRU presente no F\u00f3rum dos Trabalhadores da Avia\u00e7\u00e3o, uma discuss\u00e3o macro para a categoria","datePublished":"2025-05-02T20:03:28+00:00","mainEntityOfPage":{"@id":"https:\/\/modelo.criativeweb.com.br\/sindigru\/sindigru-presente-no-forum-dos-trabalhadores-da-aviacao-uma-discussao-macro-para-a-categoria\/"},"wordCount":261,"commentCount":0,"publisher":{"@id":"https:\/\/modelo.criativeweb.com.br\/sindigru\/#organization"},"image":{"@id":"https:\/\/modelo.criativeweb.com.br\/sindigru\/sindigru-presente-no-forum-dos-trabalhadores-da-aviacao-uma-discussao-macro-para-a-categoria\/#primaryimage"},"thumbnailUrl":"https:\/\/modelo.criativeweb.com.br\/sindigru\/wp-content\/uploads\/2026\/05\/Sindigru-brasilia-1.jpg","articleSection":["Not\u00edcias"],"inLanguage":"pt-BR","potentialAction":[{"@type":"CommentAction","name":"Comment","target":["https:\/\/modelo.criativeweb.com.br\/sindigru\/sindigru-presente-no-forum-dos-trabalhadores-da-aviacao-uma-discussao-macro-para-a-categoria\/#respond"]}]},{"@type":"WebPage","@id":"https:\/\/modelo.criativeweb.com.br\/sindigru\/sindigru-presente-no-forum-dos-trabalhadores-da-aviacao-uma-discussao-macro-para-a-categoria\/","url":"https:\/\/modelo.criativeweb.com.br\/sindigru\/sindigru-presente-no-forum-dos-trabalhadores-da-aviacao-uma-discussao-macro-para-a-categoria\/","name":"SINDIGRU presente no F\u00f3rum dos Trabalhadores da Avia\u00e7\u00e3o, uma discuss\u00e3o macro para a categoria - SINDIGRU","isPartOf":{"@id":"https:\/\/modelo.criativeweb.com.br\/sindigru\/#website"},"primaryImageOfPage":{"@id":"https:\/\/modelo.criativeweb.com.br\/sindigru\/sindigru-presente-no-forum-dos-trabalhadores-da-aviacao-uma-discussao-macro-para-a-categoria\/#primaryimage"},"image":{"@id":"https:\/\/modelo.criativeweb.com.br\/sindigru\/sindigru-presente-no-forum-dos-trabalhadores-da-aviacao-uma-discussao-macro-para-a-categoria\/#primaryimage"},"thumbnailUrl":"https:\/\/modelo.criativeweb.com.br\/sindigru\/wp-content\/uploads\/2026\/05\/Sindigru-brasilia-1.jpg","datePublished":"2025-05-02T20:03:28+00:00","breadcrumb":{"@id":"https:\/\/modelo.criativeweb.com.br\/sindigru\/sindigru-presente-no-forum-dos-trabalhadores-da-aviacao-uma-discussao-macro-para-a-categoria\/#breadcrumb"},"inLanguage":"pt-BR","potentialAction":[{"@type":"ReadAction","target":["https:\/\/modelo.criativeweb.com.br\/sindigru\/sindigru-presente-no-forum-dos-trabalhadores-da-aviacao-uma-discussao-macro-para-a-categoria\/"]}]},{"@type":"ImageObject","inLanguage":"pt-BR","@id":"https:\/\/modelo.criativeweb.com.br\/sindigru\/sindigru-presente-no-forum-dos-trabalhadores-da-aviacao-uma-discussao-macro-para-a-categoria\/#primaryimage","url":"https:\/\/modelo.criativeweb.com.br\/sindigru\/wp-content\/uploads\/2026\/05\/Sindigru-brasilia-1.jpg","contentUrl":"https:\/\/modelo.criativeweb.com.br\/sindigru\/wp-content\/uploads\/2026\/05\/Sindigru-brasilia-1.jpg","width":2560,"height":1707},{"@type":"BreadcrumbList","@id":"https:\/\/modelo.criativeweb.com.br\/sindigru\/sindigru-presente-no-forum-dos-trabalhadores-da-aviacao-uma-discussao-macro-para-a-categoria\/#breadcrumb","itemListElement":[{"@type":"ListItem","position":1,"name":"In\u00edcio","item":"https:\/\/modelo.criativeweb.com.br\/sindigru\/"},{"@type":"ListItem","position":2,"name":"SINDIGRU presente no F\u00f3rum dos Trabalhadores da Avia\u00e7\u00e3o, uma discuss\u00e3o macro para a categoria"}]},{"@type":"WebSite","@id":"https:\/\/modelo.criativeweb.com.br\/sindigru\/#website","url":"https:\/\/modelo.criativeweb.com.br\/sindigru\/","name":"SINDIGRU","description":"Sindicato dos Aerovi\u00e1rios de Guarulhos.","publisher":{"@id":"https:\/\/modelo.criativeweb.com.br\/sindigru\/#organization"},"potentialAction":[{"@type":"SearchAction","target":{"@type":"EntryPoint","urlTemplate":"https:\/\/modelo.criativeweb.com.br\/sindigru\/?s={search_term_string}"},"query-input":{"@type":"PropertyValueSpecification","valueRequired":true,"valueName":"search_term_string"}}],"inLanguage":"pt-BR"},{"@type":"Organization","@id":"https:\/\/modelo.criativeweb.com.br\/sindigru\/#organization","name":"Sindigru","url":"https:\/\/modelo.criativeweb.com.br\/sindigru\/","logo":{"@type":"ImageObject","inLanguage":"pt-BR","@id":"https:\/\/modelo.criativeweb.com.br\/sindigru\/#\/schema\/logo\/image\/","url":"","contentUrl":"","caption":"Sindigru"},"image":{"@id":"https:\/\/modelo.criativeweb.com.br\/sindigru\/#\/schema\/logo\/image\/"},"sameAs":["https:\/\/www.facebook.com\/sindigru","https:\/\/x.com\/sindigru","https:\/\/www.youtube.com\/c\/SINDIGRU-CUT","https:\/\/instagram.com\/sindigru"]},{"@type":"Person","@id":"https:\/\/modelo.criativeweb.com.br\/sindigru\/#\/schema\/person\/ebbf8e182b04c80b29fafd391ba2c71d","name":"Roberto","image":{"@type":"ImageObject","inLanguage":"pt-BR","@id":"https:\/\/secure.gravatar.com\/avatar\/fae9cbedfe570656231ad990f3aa947c7a9b5e6fa73065d842851f30b12ae6b4?s=96&d=mm&r=g","url":"https:\/\/secure.gravatar.com\/avatar\/fae9cbedfe570656231ad990f3aa947c7a9b5e6fa73065d842851f30b12ae6b4?s=96&d=mm&r=g","contentUrl":"https:\/\/secure.gravatar.com\/avatar\/fae9cbedfe570656231ad990f3aa947c7a9b5e6fa73065d842851f30b12ae6b4?s=96&d=mm&r=g","caption":"Roberto"}}]}},"_links":{"self":[{"href":"https:\/\/modelo.criativeweb.com.br\/sindigru\/wp-json\/wp\/v2\/posts\/21786","targetHints":{"allow":["GET"]}}],"collection":[{"href":"https:\/\/modelo.criativeweb.com.br\/sindigru\/wp-json\/wp\/v2\/posts"}],"about":[{"href":"https:\/\/modelo.criativeweb.com.br\/sindigru\/wp-json\/wp\/v2\/types\/post"}],"author":[{"embeddable":true,"href":"https:\/\/modelo.criativeweb.com.br\/sindigru\/wp-json\/wp\/v2\/users\/10"}],"replies":[{"embeddable":true,"href":"https:\/\/modelo.criativeweb.com.br\/sindigru\/wp-json\/wp\/v2\/comments?post=21786"}],"version-history":[{"count":0,"href":"https:\/\/modelo.criativeweb.com.br\/sindigru\/wp-json\/wp\/v2\/posts\/21786\/revisions"}],"wp:featuredmedia":[{"embeddable":true,"href":"https:\/\/modelo.criativeweb.com.br\/sindigru\/wp-json\/wp\/v2\/media\/18670"}],"wp:attachment":[{"href":"https:\/\/modelo.criativeweb.com.br\/sindigru\/wp-json\/wp\/v2\/media?parent=21786"}],"wp:term":[{"taxonomy":"category","embeddable":true,"href":"https:\/\/modelo.criativeweb.com.br\/sindigru\/wp-json\/wp\/v2\/categories?post=21786"},{"taxonomy":"post_tag","embeddable":true,"href":"https:\/\/modelo.criativeweb.com.br\/sindigru\/wp-json\/wp\/v2\/tags?post=21786"}],"curies":[{"name":"wp","href":"https:\/\/api.w.org\/{rel}","templated":true}]}}