{"id":21778,"date":"2025-04-07T16:00:55","date_gmt":"2025-04-07T19:00:55","guid":{"rendered":"https:\/\/modelo.criativeweb.com.br\/sindigru\/aeroviarios-de-guarulhos-prestigiam-posse-da-nova-diretoria-do-sindcongru\/"},"modified":"2025-04-07T16:00:55","modified_gmt":"2025-04-07T19:00:55","slug":"aeroviarios-de-guarulhos-prestigiam-posse-da-nova-diretoria-do-sindcongru","status":"publish","type":"post","link":"https:\/\/modelo.criativeweb.com.br\/sindigru\/aeroviarios-de-guarulhos-prestigiam-posse-da-nova-diretoria-do-sindcongru\/","title":{"rendered":"Aerovi\u00e1rios de Guarulhos prestigiam posse da nova diretoria do SINDCONGRU"},"content":{"rendered":"<p>Na sexta-feira, 4, os Aerovi\u00e1rios de Guarulhos prestigiaram a posse do presidente Marcelo Ferreira, sua nova diretoria e conselho do Sindicato dos Trabalhadores da Constru\u00e7\u00e3o Civil e Mobili\u00e1rio de Guarulhos e Aruj\u00e1.<\/p>\n<p>O compromisso de Marcelo com a classe trabalhadora n\u00e3o \u00e9 discurso, \u00e9 pr\u00e1tica di\u00e1ria. \u00c9 esse compromisso que o move, que o impulsiona, que o coloca, mais uma vez, \u00e0 frente de um novo cap\u00edtulo de luta. E \u00e9 exatamente esse compromisso que inspira, mobiliza e d\u00e1 sentido \u00e0 caminhada de tantos outros.<\/p>\n<p>N\u00f3s, do SINDIGRU, desejamos boa sorte \u00e0 nova diretoria executiva e conselho desse sindicato que sempre asseguramos sendo um grande parceiro.<\/p>\n<p>&nbsp;<\/p>\n<p><em>\u00c2ngelo Marcio, Cl\u00e1udio Chagas, Andre Faber e deputado federal Alencar Santana <\/em><em>durante evento de posse da nova diretoria do SINDCONGRU<\/em><\/p>\n<div class=\"gsp_post_data\" \r\n\t            data-post_type=\"post\" \r\n\t            data-cat=\"noticias\" \r\n\t            data-modified=\"120\"\r\n\t            data-created=\"1744041655\"\r\n\t            data-title=\"Aerovi\u00e1rios de Guarulhos prestigiam posse da nova diretoria do SINDCONGRU\" \r\n\t            data-home=\"https:\/\/modelo.criativeweb.com.br\/sindigru\"><\/div>","protected":false},"excerpt":{"rendered":"<p>Na sexta-feira, 4, os Aerovi\u00e1rios de Guarulhos prestigiaram a posse do presidente Marcelo Ferreira, sua nova diretoria e conselho do [&hellip;]<\/p>\n","protected":false},"author":10,"featured_media":0,"comment_status":"open","ping_status":"open","sticky":false,"template":"","format":"standard","meta":{"site-sidebar-layout":"default","site-content-layout":"","ast-site-content-layout":"default","site-content-style":"default","site-sidebar-style":"default","ast-global-header-display":"","ast-banner-title-visibility":"","ast-main-header-display":"","ast-hfb-above-header-display":"","ast-hfb-below-header-display":"","ast-hfb-mobile-header-display":"","site-post-title":"","ast-breadcrumbs-content":"","ast-featured-img":"","footer-sml-layout":"","ast-disable-related-posts":"","theme-transparent-header-meta":"","adv-header-id-meta":"","stick-header-meta":"","header-above-stick-meta":"","header-main-stick-meta":"","header-below-stick-meta":"","astra-migrate-meta-layouts":"default","ast-page-background-enabled":"default","ast-page-background-meta":{"desktop":{"background-color":"var(--ast-global-color-5)","background-image":"","background-repeat":"repeat","background-position":"center center","background-size":"auto","background-attachment":"scroll","background-type":"","background-media":"","overlay-type":"","overlay-color":"","overlay-opacity":"","overlay-gradient":""},"tablet":{"background-color":"","background-image":"","background-repeat":"repeat","background-position":"center center","background-size":"auto","background-attachment":"scroll","background-type":"","background-media":"","overlay-type":"","overlay-color":"","overlay-opacity":"","overlay-gradient":""},"mobile":{"background-color":"","background-image":"","background-repeat":"repeat","background-position":"center center","background-size":"auto","background-attachment":"scroll","background-type":"","background-media":"","overlay-type":"","overlay-color":"","overlay-opacity":"","overlay-gradient":""}},"ast-content-background-meta":{"desktop":{"background-color":"var(--ast-global-color-4)","background-image":"","background-repeat":"repeat","background-position":"center center","background-size":"auto","background-attachment":"scroll","background-type":"","background-media":"","overlay-type":"","overlay-color":"","overlay-opacity":"","overlay-gradient":""},"tablet":{"background-color":"var(--ast-global-color-4)","background-image":"","background-repeat":"repeat","background-position":"center center","background-size":"auto","background-attachment":"scroll","background-type":"","background-media":"","overlay-type":"","overlay-color":"","overlay-opacity":"","overlay-gradient":""},"mobile":{"background-color":"var(--ast-global-color-4)","background-image":"","background-repeat":"repeat","background-position":"center center","background-size":"auto","background-attachment":"scroll","background-type":"","background-media":"","overlay-type":"","overlay-color":"","overlay-opacity":"","overlay-gradient":""}},"_joinchat":[],"footnotes":"","_links_to":"","_links_to_target":""},"categories":[3329],"tags":[],"class_list":["post-21778","post","type-post","status-publish","format-standard","hentry","category-noticias"],"yoast_head":"<!-- This site is optimized with the Yoast SEO plugin v27.5 - https:\/\/yoast.com\/product\/yoast-seo-wordpress\/ -->\n<title>Aerovi\u00e1rios de Guarulhos prestigiam posse da nova diretoria do SINDCONGRU - SINDIGRU<\/title>\n<meta name=\"robots\" content=\"index, follow, max-snippet:-1, max-image-preview:large, max-video-preview:-1\" \/>\n<link rel=\"canonical\" href=\"https:\/\/modelo.criativeweb.com.br\/sindigru\/aeroviarios-de-guarulhos-prestigiam-posse-da-nova-diretoria-do-sindcongru\/\" \/>\n<meta property=\"og:locale\" content=\"pt_BR\" \/>\n<meta property=\"og:type\" content=\"article\" \/>\n<meta property=\"og:title\" content=\"Aerovi\u00e1rios de Guarulhos prestigiam posse da nova diretoria do SINDCONGRU - SINDIGRU\" \/>\n<meta property=\"og:description\" content=\"Na sexta-feira, 4, os Aerovi\u00e1rios de Guarulhos prestigiaram a posse do presidente Marcelo Ferreira, sua nova diretoria e conselho do [&hellip;]\" \/>\n<meta property=\"og:url\" content=\"https:\/\/modelo.criativeweb.com.br\/sindigru\/aeroviarios-de-guarulhos-prestigiam-posse-da-nova-diretoria-do-sindcongru\/\" \/>\n<meta property=\"og:site_name\" content=\"SINDIGRU\" \/>\n<meta property=\"article:publisher\" content=\"https:\/\/www.facebook.com\/sindigru\" \/>\n<meta property=\"article:published_time\" content=\"2025-04-07T19:00:55+00:00\" \/>\n<meta name=\"author\" content=\"Roberto\" \/>\n<meta name=\"twitter:card\" content=\"summary_large_image\" \/>\n<meta name=\"twitter:creator\" content=\"@sindigru\" \/>\n<meta name=\"twitter:site\" content=\"@sindigru\" \/>\n<meta name=\"twitter:label1\" content=\"Escrito por\" \/>\n\t<meta name=\"twitter:data1\" content=\"Roberto\" \/>\n\t<meta name=\"twitter:label2\" content=\"Est. tempo de leitura\" \/>\n\t<meta name=\"twitter:data2\" content=\"1 minuto\" \/>\n<script type=\"application\/ld+json\" class=\"yoast-schema-graph\">{\"@context\":\"https:\\\/\\\/schema.org\",\"@graph\":[{\"@type\":\"Article\",\"@id\":\"https:\\\/\\\/modelo.criativeweb.com.br\\\/sindigru\\\/aeroviarios-de-guarulhos-prestigiam-posse-da-nova-diretoria-do-sindcongru\\\/#article\",\"isPartOf\":{\"@id\":\"https:\\\/\\\/modelo.criativeweb.com.br\\\/sindigru\\\/aeroviarios-de-guarulhos-prestigiam-posse-da-nova-diretoria-do-sindcongru\\\/\"},\"author\":{\"name\":\"Roberto\",\"@id\":\"https:\\\/\\\/modelo.criativeweb.com.br\\\/sindigru\\\/#\\\/schema\\\/person\\\/ebbf8e182b04c80b29fafd391ba2c71d\"},\"headline\":\"Aerovi\u00e1rios de Guarulhos prestigiam posse da nova diretoria do SINDCONGRU\",\"datePublished\":\"2025-04-07T19:00:55+00:00\",\"mainEntityOfPage\":{\"@id\":\"https:\\\/\\\/modelo.criativeweb.com.br\\\/sindigru\\\/aeroviarios-de-guarulhos-prestigiam-posse-da-nova-diretoria-do-sindcongru\\\/\"},\"wordCount\":139,\"commentCount\":0,\"publisher\":{\"@id\":\"https:\\\/\\\/modelo.criativeweb.com.br\\\/sindigru\\\/#organization\"},\"articleSection\":[\"Not\u00edcias\"],\"inLanguage\":\"pt-BR\",\"potentialAction\":[{\"@type\":\"CommentAction\",\"name\":\"Comment\",\"target\":[\"https:\\\/\\\/modelo.criativeweb.com.br\\\/sindigru\\\/aeroviarios-de-guarulhos-prestigiam-posse-da-nova-diretoria-do-sindcongru\\\/#respond\"]}]},{\"@type\":\"WebPage\",\"@id\":\"https:\\\/\\\/modelo.criativeweb.com.br\\\/sindigru\\\/aeroviarios-de-guarulhos-prestigiam-posse-da-nova-diretoria-do-sindcongru\\\/\",\"url\":\"https:\\\/\\\/modelo.criativeweb.com.br\\\/sindigru\\\/aeroviarios-de-guarulhos-prestigiam-posse-da-nova-diretoria-do-sindcongru\\\/\",\"name\":\"Aerovi\u00e1rios de Guarulhos prestigiam posse da nova diretoria do SINDCONGRU - SINDIGRU\",\"isPartOf\":{\"@id\":\"https:\\\/\\\/modelo.criativeweb.com.br\\\/sindigru\\\/#website\"},\"datePublished\":\"2025-04-07T19:00:55+00:00\",\"breadcrumb\":{\"@id\":\"https:\\\/\\\/modelo.criativeweb.com.br\\\/sindigru\\\/aeroviarios-de-guarulhos-prestigiam-posse-da-nova-diretoria-do-sindcongru\\\/#breadcrumb\"},\"inLanguage\":\"pt-BR\",\"potentialAction\":[{\"@type\":\"ReadAction\",\"target\":[\"https:\\\/\\\/modelo.criativeweb.com.br\\\/sindigru\\\/aeroviarios-de-guarulhos-prestigiam-posse-da-nova-diretoria-do-sindcongru\\\/\"]}]},{\"@type\":\"BreadcrumbList\",\"@id\":\"https:\\\/\\\/modelo.criativeweb.com.br\\\/sindigru\\\/aeroviarios-de-guarulhos-prestigiam-posse-da-nova-diretoria-do-sindcongru\\\/#breadcrumb\",\"itemListElement\":[{\"@type\":\"ListItem\",\"position\":1,\"name\":\"In\u00edcio\",\"item\":\"https:\\\/\\\/modelo.criativeweb.com.br\\\/sindigru\\\/\"},{\"@type\":\"ListItem\",\"position\":2,\"name\":\"Aerovi\u00e1rios de Guarulhos prestigiam posse da nova diretoria do SINDCONGRU\"}]},{\"@type\":\"WebSite\",\"@id\":\"https:\\\/\\\/modelo.criativeweb.com.br\\\/sindigru\\\/#website\",\"url\":\"https:\\\/\\\/modelo.criativeweb.com.br\\\/sindigru\\\/\",\"name\":\"SINDIGRU\",\"description\":\"Sindicato dos Aerovi\u00e1rios de Guarulhos.\",\"publisher\":{\"@id\":\"https:\\\/\\\/modelo.criativeweb.com.br\\\/sindigru\\\/#organization\"},\"potentialAction\":[{\"@type\":\"SearchAction\",\"target\":{\"@type\":\"EntryPoint\",\"urlTemplate\":\"https:\\\/\\\/modelo.criativeweb.com.br\\\/sindigru\\\/?s={search_term_string}\"},\"query-input\":{\"@type\":\"PropertyValueSpecification\",\"valueRequired\":true,\"valueName\":\"search_term_string\"}}],\"inLanguage\":\"pt-BR\"},{\"@type\":\"Organization\",\"@id\":\"https:\\\/\\\/modelo.criativeweb.com.br\\\/sindigru\\\/#organization\",\"name\":\"Sindigru\",\"url\":\"https:\\\/\\\/modelo.criativeweb.com.br\\\/sindigru\\\/\",\"logo\":{\"@type\":\"ImageObject\",\"inLanguage\":\"pt-BR\",\"@id\":\"https:\\\/\\\/modelo.criativeweb.com.br\\\/sindigru\\\/#\\\/schema\\\/logo\\\/image\\\/\",\"url\":\"\",\"contentUrl\":\"\",\"caption\":\"Sindigru\"},\"image\":{\"@id\":\"https:\\\/\\\/modelo.criativeweb.com.br\\\/sindigru\\\/#\\\/schema\\\/logo\\\/image\\\/\"},\"sameAs\":[\"https:\\\/\\\/www.facebook.com\\\/sindigru\",\"https:\\\/\\\/x.com\\\/sindigru\",\"https:\\\/\\\/www.youtube.com\\\/c\\\/SINDIGRU-CUT\",\"https:\\\/\\\/instagram.com\\\/sindigru\"]},{\"@type\":\"Person\",\"@id\":\"https:\\\/\\\/modelo.criativeweb.com.br\\\/sindigru\\\/#\\\/schema\\\/person\\\/ebbf8e182b04c80b29fafd391ba2c71d\",\"name\":\"Roberto\",\"image\":{\"@type\":\"ImageObject\",\"inLanguage\":\"pt-BR\",\"@id\":\"https:\\\/\\\/secure.gravatar.com\\\/avatar\\\/fae9cbedfe570656231ad990f3aa947c7a9b5e6fa73065d842851f30b12ae6b4?s=96&d=mm&r=g\",\"url\":\"https:\\\/\\\/secure.gravatar.com\\\/avatar\\\/fae9cbedfe570656231ad990f3aa947c7a9b5e6fa73065d842851f30b12ae6b4?s=96&d=mm&r=g\",\"contentUrl\":\"https:\\\/\\\/secure.gravatar.com\\\/avatar\\\/fae9cbedfe570656231ad990f3aa947c7a9b5e6fa73065d842851f30b12ae6b4?s=96&d=mm&r=g\",\"caption\":\"Roberto\"}}]}<\/script>\n<!-- \/ Yoast SEO plugin. -->","yoast_head_json":{"title":"Aerovi\u00e1rios de Guarulhos prestigiam posse da nova diretoria do SINDCONGRU - SINDIGRU","robots":{"index":"index","follow":"follow","max-snippet":"max-snippet:-1","max-image-preview":"max-image-preview:large","max-video-preview":"max-video-preview:-1"},"canonical":"https:\/\/modelo.criativeweb.com.br\/sindigru\/aeroviarios-de-guarulhos-prestigiam-posse-da-nova-diretoria-do-sindcongru\/","og_locale":"pt_BR","og_type":"article","og_title":"Aerovi\u00e1rios de Guarulhos prestigiam posse da nova diretoria do SINDCONGRU - SINDIGRU","og_description":"Na sexta-feira, 4, os Aerovi\u00e1rios de Guarulhos prestigiaram a posse do presidente Marcelo Ferreira, sua nova diretoria e conselho do [&hellip;]","og_url":"https:\/\/modelo.criativeweb.com.br\/sindigru\/aeroviarios-de-guarulhos-prestigiam-posse-da-nova-diretoria-do-sindcongru\/","og_site_name":"SINDIGRU","article_publisher":"https:\/\/www.facebook.com\/sindigru","article_published_time":"2025-04-07T19:00:55+00:00","author":"Roberto","twitter_card":"summary_large_image","twitter_creator":"@sindigru","twitter_site":"@sindigru","twitter_misc":{"Escrito por":"Roberto","Est. tempo de leitura":"1 minuto"},"schema":{"@context":"https:\/\/schema.org","@graph":[{"@type":"Article","@id":"https:\/\/modelo.criativeweb.com.br\/sindigru\/aeroviarios-de-guarulhos-prestigiam-posse-da-nova-diretoria-do-sindcongru\/#article","isPartOf":{"@id":"https:\/\/modelo.criativeweb.com.br\/sindigru\/aeroviarios-de-guarulhos-prestigiam-posse-da-nova-diretoria-do-sindcongru\/"},"author":{"name":"Roberto","@id":"https:\/\/modelo.criativeweb.com.br\/sindigru\/#\/schema\/person\/ebbf8e182b04c80b29fafd391ba2c71d"},"headline":"Aerovi\u00e1rios de Guarulhos prestigiam posse da nova diretoria do SINDCONGRU","datePublished":"2025-04-07T19:00:55+00:00","mainEntityOfPage":{"@id":"https:\/\/modelo.criativeweb.com.br\/sindigru\/aeroviarios-de-guarulhos-prestigiam-posse-da-nova-diretoria-do-sindcongru\/"},"wordCount":139,"commentCount":0,"publisher":{"@id":"https:\/\/modelo.criativeweb.com.br\/sindigru\/#organization"},"articleSection":["Not\u00edcias"],"inLanguage":"pt-BR","potentialAction":[{"@type":"CommentAction","name":"Comment","target":["https:\/\/modelo.criativeweb.com.br\/sindigru\/aeroviarios-de-guarulhos-prestigiam-posse-da-nova-diretoria-do-sindcongru\/#respond"]}]},{"@type":"WebPage","@id":"https:\/\/modelo.criativeweb.com.br\/sindigru\/aeroviarios-de-guarulhos-prestigiam-posse-da-nova-diretoria-do-sindcongru\/","url":"https:\/\/modelo.criativeweb.com.br\/sindigru\/aeroviarios-de-guarulhos-prestigiam-posse-da-nova-diretoria-do-sindcongru\/","name":"Aerovi\u00e1rios de Guarulhos prestigiam posse da nova diretoria do SINDCONGRU - SINDIGRU","isPartOf":{"@id":"https:\/\/modelo.criativeweb.com.br\/sindigru\/#website"},"datePublished":"2025-04-07T19:00:55+00:00","breadcrumb":{"@id":"https:\/\/modelo.criativeweb.com.br\/sindigru\/aeroviarios-de-guarulhos-prestigiam-posse-da-nova-diretoria-do-sindcongru\/#breadcrumb"},"inLanguage":"pt-BR","potentialAction":[{"@type":"ReadAction","target":["https:\/\/modelo.criativeweb.com.br\/sindigru\/aeroviarios-de-guarulhos-prestigiam-posse-da-nova-diretoria-do-sindcongru\/"]}]},{"@type":"BreadcrumbList","@id":"https:\/\/modelo.criativeweb.com.br\/sindigru\/aeroviarios-de-guarulhos-prestigiam-posse-da-nova-diretoria-do-sindcongru\/#breadcrumb","itemListElement":[{"@type":"ListItem","position":1,"name":"In\u00edcio","item":"https:\/\/modelo.criativeweb.com.br\/sindigru\/"},{"@type":"ListItem","position":2,"name":"Aerovi\u00e1rios de Guarulhos prestigiam posse da nova diretoria do SINDCONGRU"}]},{"@type":"WebSite","@id":"https:\/\/modelo.criativeweb.com.br\/sindigru\/#website","url":"https:\/\/modelo.criativeweb.com.br\/sindigru\/","name":"SINDIGRU","description":"Sindicato dos Aerovi\u00e1rios de Guarulhos.","publisher":{"@id":"https:\/\/modelo.criativeweb.com.br\/sindigru\/#organization"},"potentialAction":[{"@type":"SearchAction","target":{"@type":"EntryPoint","urlTemplate":"https:\/\/modelo.criativeweb.com.br\/sindigru\/?s={search_term_string}"},"query-input":{"@type":"PropertyValueSpecification","valueRequired":true,"valueName":"search_term_string"}}],"inLanguage":"pt-BR"},{"@type":"Organization","@id":"https:\/\/modelo.criativeweb.com.br\/sindigru\/#organization","name":"Sindigru","url":"https:\/\/modelo.criativeweb.com.br\/sindigru\/","logo":{"@type":"ImageObject","inLanguage":"pt-BR","@id":"https:\/\/modelo.criativeweb.com.br\/sindigru\/#\/schema\/logo\/image\/","url":"","contentUrl":"","caption":"Sindigru"},"image":{"@id":"https:\/\/modelo.criativeweb.com.br\/sindigru\/#\/schema\/logo\/image\/"},"sameAs":["https:\/\/www.facebook.com\/sindigru","https:\/\/x.com\/sindigru","https:\/\/www.youtube.com\/c\/SINDIGRU-CUT","https:\/\/instagram.com\/sindigru"]},{"@type":"Person","@id":"https:\/\/modelo.criativeweb.com.br\/sindigru\/#\/schema\/person\/ebbf8e182b04c80b29fafd391ba2c71d","name":"Roberto","image":{"@type":"ImageObject","inLanguage":"pt-BR","@id":"https:\/\/secure.gravatar.com\/avatar\/fae9cbedfe570656231ad990f3aa947c7a9b5e6fa73065d842851f30b12ae6b4?s=96&d=mm&r=g","url":"https:\/\/secure.gravatar.com\/avatar\/fae9cbedfe570656231ad990f3aa947c7a9b5e6fa73065d842851f30b12ae6b4?s=96&d=mm&r=g","contentUrl":"https:\/\/secure.gravatar.com\/avatar\/fae9cbedfe570656231ad990f3aa947c7a9b5e6fa73065d842851f30b12ae6b4?s=96&d=mm&r=g","caption":"Roberto"}}]}},"_links":{"self":[{"href":"https:\/\/modelo.criativeweb.com.br\/sindigru\/wp-json\/wp\/v2\/posts\/21778","targetHints":{"allow":["GET"]}}],"collection":[{"href":"https:\/\/modelo.criativeweb.com.br\/sindigru\/wp-json\/wp\/v2\/posts"}],"about":[{"href":"https:\/\/modelo.criativeweb.com.br\/sindigru\/wp-json\/wp\/v2\/types\/post"}],"author":[{"embeddable":true,"href":"https:\/\/modelo.criativeweb.com.br\/sindigru\/wp-json\/wp\/v2\/users\/10"}],"replies":[{"embeddable":true,"href":"https:\/\/modelo.criativeweb.com.br\/sindigru\/wp-json\/wp\/v2\/comments?post=21778"}],"version-history":[{"count":0,"href":"https:\/\/modelo.criativeweb.com.br\/sindigru\/wp-json\/wp\/v2\/posts\/21778\/revisions"}],"wp:attachment":[{"href":"https:\/\/modelo.criativeweb.com.br\/sindigru\/wp-json\/wp\/v2\/media?parent=21778"}],"wp:term":[{"taxonomy":"category","embeddable":true,"href":"https:\/\/modelo.criativeweb.com.br\/sindigru\/wp-json\/wp\/v2\/categories?post=21778"},{"taxonomy":"post_tag","embeddable":true,"href":"https:\/\/modelo.criativeweb.com.br\/sindigru\/wp-json\/wp\/v2\/tags?post=21778"}],"curies":[{"name":"wp","href":"https:\/\/api.w.org\/{rel}","templated":true}]}}