{"id":21777,"date":"2025-04-04T11:37:32","date_gmt":"2025-04-04T14:37:32","guid":{"rendered":"https:\/\/modelo.criativeweb.com.br\/sindigru\/fentac-reune-liderancas-em-fortaleza-e-traca-novos-rumos-para-a-aviacao-civil\/"},"modified":"2025-04-04T11:37:32","modified_gmt":"2025-04-04T14:37:32","slug":"fentac-reune-liderancas-em-fortaleza-e-traca-novos-rumos-para-a-aviacao-civil","status":"publish","type":"post","link":"https:\/\/modelo.criativeweb.com.br\/sindigru\/fentac-reune-liderancas-em-fortaleza-e-traca-novos-rumos-para-a-aviacao-civil\/","title":{"rendered":"FENTAC re\u00fane lideran\u00e7as em Fortaleza e tra\u00e7a novos rumos para a avia\u00e7\u00e3o civil"},"content":{"rendered":"<p>Na quinta-feira, 3 de abril, Fortaleza foi palco de uma reuni\u00e3o estrat\u00e9gica que marcou um novo cap\u00edtulo para a avia\u00e7\u00e3o civil brasileira. A Executiva da FENTAC se reuniu na Subsede do Sindicato Nacional dos Aerovi\u00e1rios para reafirmar o compromisso com os trabalhadores e definir a\u00e7\u00f5es concretas para fortalecer a categoria.<br \/>\nRepresentantes de sindicatos de Pernambuco, Porto Alegre, Guarulhos e Fortaleza participaram ativamente da reuni\u00e3o, conduzida por Paulo Alexandre, presidente da FENTAC. O encontro mostrou que a uni\u00e3o da categoria \u00e9 o caminho mais forte para conquistar respeito, valoriza\u00e7\u00e3o e avan\u00e7os reais.<\/p>\n<p>Destaques da reuni\u00e3o:<br \/>\n&#8211; Sa\u00fade mental em foco com palestra nacional confirmada para 30 de maio em Porto Alegre;<br \/>\n&#8211; Apoio \u00e0 Chapa 1 do Sindicato Nacional dos Aeronautas e vit\u00f3ria esmagadora de Marcos Andr\u00e9 Fortes em Porto Alegre com 99% de aprova\u00e7\u00e3o;<br \/>\n&#8211; Sobre a quest\u00e3o dos passageiros indisciplinados, deve-se ampliar a discuss\u00e3o com os representantes no Legislativo para a constru\u00e7\u00e3o de uma emenda;<br \/>\n&#8211; Campanha salarial dos aeroportu\u00e1rios em andamento, com acompanhamento da FENTAC;<br \/>\n&#8211; Proposta de cl\u00e1usula obrigat\u00f3ria de den\u00fancia em caso de agress\u00f5es a trabalhadores;<br \/>\n&#8211; F\u00f3rum Tripartite oficializado com presen\u00e7a da FENTAC nos debates nacionais;<br \/>\n&#8211; Expans\u00e3o do Projeto Hub e protagonismo internacional com Maciel (Sindigru) representante da Federa\u00e7\u00e3o Internacional dos Trabalhadores em Transportes &#8211; ITF;<br \/>\n&#8211; Refor\u00e7o institucional com filia\u00e7\u00e3o ao DIESAT e DIEESE;<br \/>\n&#8211; Retomada do Semin\u00e1rio Nacional Contra o Racismo como prioridade de luta social.<\/p>\n<p>A reuni\u00e3o foi encerrada com a certeza de que o caminho \u00e9 coletivo, estrat\u00e9gico e combativo. A FENTAC n\u00e3o recua diante dos desafios e segue avan\u00e7ando por condi\u00e7\u00f5es mais dignas para todos os profissionais da avia\u00e7\u00e3o civil.<br \/>\n\u201cNossa miss\u00e3o \u00e9 proteger e valorizar cada trabalhador da avia\u00e7\u00e3o. A luta \u00e9 cont\u00ednua, e cada vez mais forte\u201d, afirmou Paulo Alexandre, presidente da FENTAC.<\/p>\n<p><img fetchpriority=\"high\" decoding=\"async\" class=\"aligncenter size-full wp-image-11468\" src=\"https:\/\/modelo.criativeweb.com.br\/sindigru\/wp-content\/uploads\/2026\/05\/Fentac-fortaleza.jpg\" alt=\"\" width=\"575\" height=\"480\" \/><\/p>\n<div class=\"gsp_post_data\" \r\n\t            data-post_type=\"post\" \r\n\t            data-cat=\"noticias\" \r\n\t            data-modified=\"120\"\r\n\t            data-created=\"1743766652\"\r\n\t            data-title=\"FENTAC re\u00fane lideran\u00e7as em Fortaleza e tra\u00e7a novos rumos para a avia\u00e7\u00e3o civil\" \r\n\t            data-home=\"https:\/\/modelo.criativeweb.com.br\/sindigru\"><\/div>","protected":false},"excerpt":{"rendered":"<p>Na quinta-feira, 3 de abril, Fortaleza foi palco de uma reuni\u00e3o estrat\u00e9gica que marcou um novo cap\u00edtulo para a avia\u00e7\u00e3o [&hellip;]<\/p>\n","protected":false},"author":10,"featured_media":18659,"comment_status":"open","ping_status":"open","sticky":false,"template":"","format":"standard","meta":{"site-sidebar-layout":"default","site-content-layout":"","ast-site-content-layout":"default","site-content-style":"default","site-sidebar-style":"default","ast-global-header-display":"","ast-banner-title-visibility":"","ast-main-header-display":"","ast-hfb-above-header-display":"","ast-hfb-below-header-display":"","ast-hfb-mobile-header-display":"","site-post-title":"","ast-breadcrumbs-content":"","ast-featured-img":"","footer-sml-layout":"","ast-disable-related-posts":"","theme-transparent-header-meta":"","adv-header-id-meta":"","stick-header-meta":"","header-above-stick-meta":"","header-main-stick-meta":"","header-below-stick-meta":"","astra-migrate-meta-layouts":"default","ast-page-background-enabled":"default","ast-page-background-meta":{"desktop":{"background-color":"var(--ast-global-color-5)","background-image":"","background-repeat":"repeat","background-position":"center center","background-size":"auto","background-attachment":"scroll","background-type":"","background-media":"","overlay-type":"","overlay-color":"","overlay-opacity":"","overlay-gradient":""},"tablet":{"background-color":"","background-image":"","background-repeat":"repeat","background-position":"center center","background-size":"auto","background-attachment":"scroll","background-type":"","background-media":"","overlay-type":"","overlay-color":"","overlay-opacity":"","overlay-gradient":""},"mobile":{"background-color":"","background-image":"","background-repeat":"repeat","background-position":"center center","background-size":"auto","background-attachment":"scroll","background-type":"","background-media":"","overlay-type":"","overlay-color":"","overlay-opacity":"","overlay-gradient":""}},"ast-content-background-meta":{"desktop":{"background-color":"var(--ast-global-color-4)","background-image":"","background-repeat":"repeat","background-position":"center center","background-size":"auto","background-attachment":"scroll","background-type":"","background-media":"","overlay-type":"","overlay-color":"","overlay-opacity":"","overlay-gradient":""},"tablet":{"background-color":"var(--ast-global-color-4)","background-image":"","background-repeat":"repeat","background-position":"center center","background-size":"auto","background-attachment":"scroll","background-type":"","background-media":"","overlay-type":"","overlay-color":"","overlay-opacity":"","overlay-gradient":""},"mobile":{"background-color":"var(--ast-global-color-4)","background-image":"","background-repeat":"repeat","background-position":"center center","background-size":"auto","background-attachment":"scroll","background-type":"","background-media":"","overlay-type":"","overlay-color":"","overlay-opacity":"","overlay-gradient":""}},"_joinchat":[],"footnotes":"","_links_to":"","_links_to_target":""},"categories":[3329],"tags":[],"class_list":["post-21777","post","type-post","status-publish","format-standard","has-post-thumbnail","hentry","category-noticias"],"yoast_head":"<!-- This site is optimized with the Yoast SEO plugin v27.5 - https:\/\/yoast.com\/product\/yoast-seo-wordpress\/ -->\n<title>FENTAC re\u00fane lideran\u00e7as em Fortaleza e tra\u00e7a novos rumos para a avia\u00e7\u00e3o civil - SINDIGRU<\/title>\n<meta name=\"robots\" content=\"index, follow, max-snippet:-1, max-image-preview:large, max-video-preview:-1\" \/>\n<link rel=\"canonical\" href=\"https:\/\/modelo.criativeweb.com.br\/sindigru\/fentac-reune-liderancas-em-fortaleza-e-traca-novos-rumos-para-a-aviacao-civil\/\" \/>\n<meta property=\"og:locale\" content=\"pt_BR\" \/>\n<meta property=\"og:type\" content=\"article\" \/>\n<meta property=\"og:title\" content=\"FENTAC re\u00fane lideran\u00e7as em Fortaleza e tra\u00e7a novos rumos para a avia\u00e7\u00e3o civil - SINDIGRU\" \/>\n<meta property=\"og:description\" content=\"Na quinta-feira, 3 de abril, Fortaleza foi palco de uma reuni\u00e3o estrat\u00e9gica que marcou um novo cap\u00edtulo para a avia\u00e7\u00e3o [&hellip;]\" \/>\n<meta property=\"og:url\" content=\"https:\/\/modelo.criativeweb.com.br\/sindigru\/fentac-reune-liderancas-em-fortaleza-e-traca-novos-rumos-para-a-aviacao-civil\/\" \/>\n<meta property=\"og:site_name\" content=\"SINDIGRU\" \/>\n<meta property=\"article:publisher\" content=\"https:\/\/www.facebook.com\/sindigru\" \/>\n<meta property=\"article:published_time\" content=\"2025-04-04T14:37:32+00:00\" \/>\n<meta property=\"og:image\" content=\"https:\/\/modelo.criativeweb.com.br\/sindigru\/wp-content\/uploads\/2026\/05\/Fentac-fortaleza-1.jpg\" \/>\n\t<meta property=\"og:image:width\" content=\"619\" \/>\n\t<meta property=\"og:image:height\" content=\"480\" \/>\n\t<meta property=\"og:image:type\" content=\"image\/jpeg\" \/>\n<meta name=\"author\" content=\"Roberto\" \/>\n<meta name=\"twitter:card\" content=\"summary_large_image\" \/>\n<meta name=\"twitter:creator\" content=\"@sindigru\" \/>\n<meta name=\"twitter:site\" content=\"@sindigru\" \/>\n<meta name=\"twitter:label1\" content=\"Escrito por\" \/>\n\t<meta name=\"twitter:data1\" content=\"Roberto\" \/>\n\t<meta name=\"twitter:label2\" content=\"Est. tempo de leitura\" \/>\n\t<meta name=\"twitter:data2\" content=\"2 minutos\" \/>\n<script type=\"application\/ld+json\" class=\"yoast-schema-graph\">{\"@context\":\"https:\\\/\\\/schema.org\",\"@graph\":[{\"@type\":\"Article\",\"@id\":\"https:\\\/\\\/modelo.criativeweb.com.br\\\/sindigru\\\/fentac-reune-liderancas-em-fortaleza-e-traca-novos-rumos-para-a-aviacao-civil\\\/#article\",\"isPartOf\":{\"@id\":\"https:\\\/\\\/modelo.criativeweb.com.br\\\/sindigru\\\/fentac-reune-liderancas-em-fortaleza-e-traca-novos-rumos-para-a-aviacao-civil\\\/\"},\"author\":{\"name\":\"Roberto\",\"@id\":\"https:\\\/\\\/modelo.criativeweb.com.br\\\/sindigru\\\/#\\\/schema\\\/person\\\/ebbf8e182b04c80b29fafd391ba2c71d\"},\"headline\":\"FENTAC re\u00fane lideran\u00e7as em Fortaleza e tra\u00e7a novos rumos para a avia\u00e7\u00e3o civil\",\"datePublished\":\"2025-04-04T14:37:32+00:00\",\"mainEntityOfPage\":{\"@id\":\"https:\\\/\\\/modelo.criativeweb.com.br\\\/sindigru\\\/fentac-reune-liderancas-em-fortaleza-e-traca-novos-rumos-para-a-aviacao-civil\\\/\"},\"wordCount\":342,\"commentCount\":0,\"publisher\":{\"@id\":\"https:\\\/\\\/modelo.criativeweb.com.br\\\/sindigru\\\/#organization\"},\"image\":{\"@id\":\"https:\\\/\\\/modelo.criativeweb.com.br\\\/sindigru\\\/fentac-reune-liderancas-em-fortaleza-e-traca-novos-rumos-para-a-aviacao-civil\\\/#primaryimage\"},\"thumbnailUrl\":\"https:\\\/\\\/modelo.criativeweb.com.br\\\/sindigru\\\/wp-content\\\/uploads\\\/2026\\\/05\\\/Fentac-fortaleza-1.jpg\",\"articleSection\":[\"Not\u00edcias\"],\"inLanguage\":\"pt-BR\",\"potentialAction\":[{\"@type\":\"CommentAction\",\"name\":\"Comment\",\"target\":[\"https:\\\/\\\/modelo.criativeweb.com.br\\\/sindigru\\\/fentac-reune-liderancas-em-fortaleza-e-traca-novos-rumos-para-a-aviacao-civil\\\/#respond\"]}]},{\"@type\":\"WebPage\",\"@id\":\"https:\\\/\\\/modelo.criativeweb.com.br\\\/sindigru\\\/fentac-reune-liderancas-em-fortaleza-e-traca-novos-rumos-para-a-aviacao-civil\\\/\",\"url\":\"https:\\\/\\\/modelo.criativeweb.com.br\\\/sindigru\\\/fentac-reune-liderancas-em-fortaleza-e-traca-novos-rumos-para-a-aviacao-civil\\\/\",\"name\":\"FENTAC re\u00fane lideran\u00e7as em Fortaleza e tra\u00e7a novos rumos para a avia\u00e7\u00e3o civil - SINDIGRU\",\"isPartOf\":{\"@id\":\"https:\\\/\\\/modelo.criativeweb.com.br\\\/sindigru\\\/#website\"},\"primaryImageOfPage\":{\"@id\":\"https:\\\/\\\/modelo.criativeweb.com.br\\\/sindigru\\\/fentac-reune-liderancas-em-fortaleza-e-traca-novos-rumos-para-a-aviacao-civil\\\/#primaryimage\"},\"image\":{\"@id\":\"https:\\\/\\\/modelo.criativeweb.com.br\\\/sindigru\\\/fentac-reune-liderancas-em-fortaleza-e-traca-novos-rumos-para-a-aviacao-civil\\\/#primaryimage\"},\"thumbnailUrl\":\"https:\\\/\\\/modelo.criativeweb.com.br\\\/sindigru\\\/wp-content\\\/uploads\\\/2026\\\/05\\\/Fentac-fortaleza-1.jpg\",\"datePublished\":\"2025-04-04T14:37:32+00:00\",\"breadcrumb\":{\"@id\":\"https:\\\/\\\/modelo.criativeweb.com.br\\\/sindigru\\\/fentac-reune-liderancas-em-fortaleza-e-traca-novos-rumos-para-a-aviacao-civil\\\/#breadcrumb\"},\"inLanguage\":\"pt-BR\",\"potentialAction\":[{\"@type\":\"ReadAction\",\"target\":[\"https:\\\/\\\/modelo.criativeweb.com.br\\\/sindigru\\\/fentac-reune-liderancas-em-fortaleza-e-traca-novos-rumos-para-a-aviacao-civil\\\/\"]}]},{\"@type\":\"ImageObject\",\"inLanguage\":\"pt-BR\",\"@id\":\"https:\\\/\\\/modelo.criativeweb.com.br\\\/sindigru\\\/fentac-reune-liderancas-em-fortaleza-e-traca-novos-rumos-para-a-aviacao-civil\\\/#primaryimage\",\"url\":\"https:\\\/\\\/modelo.criativeweb.com.br\\\/sindigru\\\/wp-content\\\/uploads\\\/2026\\\/05\\\/Fentac-fortaleza-1.jpg\",\"contentUrl\":\"https:\\\/\\\/modelo.criativeweb.com.br\\\/sindigru\\\/wp-content\\\/uploads\\\/2026\\\/05\\\/Fentac-fortaleza-1.jpg\",\"width\":619,\"height\":480},{\"@type\":\"BreadcrumbList\",\"@id\":\"https:\\\/\\\/modelo.criativeweb.com.br\\\/sindigru\\\/fentac-reune-liderancas-em-fortaleza-e-traca-novos-rumos-para-a-aviacao-civil\\\/#breadcrumb\",\"itemListElement\":[{\"@type\":\"ListItem\",\"position\":1,\"name\":\"In\u00edcio\",\"item\":\"https:\\\/\\\/modelo.criativeweb.com.br\\\/sindigru\\\/\"},{\"@type\":\"ListItem\",\"position\":2,\"name\":\"FENTAC re\u00fane lideran\u00e7as em Fortaleza e tra\u00e7a novos rumos para a avia\u00e7\u00e3o civil\"}]},{\"@type\":\"WebSite\",\"@id\":\"https:\\\/\\\/modelo.criativeweb.com.br\\\/sindigru\\\/#website\",\"url\":\"https:\\\/\\\/modelo.criativeweb.com.br\\\/sindigru\\\/\",\"name\":\"SINDIGRU\",\"description\":\"Sindicato dos Aerovi\u00e1rios de Guarulhos.\",\"publisher\":{\"@id\":\"https:\\\/\\\/modelo.criativeweb.com.br\\\/sindigru\\\/#organization\"},\"potentialAction\":[{\"@type\":\"SearchAction\",\"target\":{\"@type\":\"EntryPoint\",\"urlTemplate\":\"https:\\\/\\\/modelo.criativeweb.com.br\\\/sindigru\\\/?s={search_term_string}\"},\"query-input\":{\"@type\":\"PropertyValueSpecification\",\"valueRequired\":true,\"valueName\":\"search_term_string\"}}],\"inLanguage\":\"pt-BR\"},{\"@type\":\"Organization\",\"@id\":\"https:\\\/\\\/modelo.criativeweb.com.br\\\/sindigru\\\/#organization\",\"name\":\"Sindigru\",\"url\":\"https:\\\/\\\/modelo.criativeweb.com.br\\\/sindigru\\\/\",\"logo\":{\"@type\":\"ImageObject\",\"inLanguage\":\"pt-BR\",\"@id\":\"https:\\\/\\\/modelo.criativeweb.com.br\\\/sindigru\\\/#\\\/schema\\\/logo\\\/image\\\/\",\"url\":\"\",\"contentUrl\":\"\",\"caption\":\"Sindigru\"},\"image\":{\"@id\":\"https:\\\/\\\/modelo.criativeweb.com.br\\\/sindigru\\\/#\\\/schema\\\/logo\\\/image\\\/\"},\"sameAs\":[\"https:\\\/\\\/www.facebook.com\\\/sindigru\",\"https:\\\/\\\/x.com\\\/sindigru\",\"https:\\\/\\\/www.youtube.com\\\/c\\\/SINDIGRU-CUT\",\"https:\\\/\\\/instagram.com\\\/sindigru\"]},{\"@type\":\"Person\",\"@id\":\"https:\\\/\\\/modelo.criativeweb.com.br\\\/sindigru\\\/#\\\/schema\\\/person\\\/ebbf8e182b04c80b29fafd391ba2c71d\",\"name\":\"Roberto\",\"image\":{\"@type\":\"ImageObject\",\"inLanguage\":\"pt-BR\",\"@id\":\"https:\\\/\\\/secure.gravatar.com\\\/avatar\\\/fae9cbedfe570656231ad990f3aa947c7a9b5e6fa73065d842851f30b12ae6b4?s=96&d=mm&r=g\",\"url\":\"https:\\\/\\\/secure.gravatar.com\\\/avatar\\\/fae9cbedfe570656231ad990f3aa947c7a9b5e6fa73065d842851f30b12ae6b4?s=96&d=mm&r=g\",\"contentUrl\":\"https:\\\/\\\/secure.gravatar.com\\\/avatar\\\/fae9cbedfe570656231ad990f3aa947c7a9b5e6fa73065d842851f30b12ae6b4?s=96&d=mm&r=g\",\"caption\":\"Roberto\"}}]}<\/script>\n<!-- \/ Yoast SEO plugin. -->","yoast_head_json":{"title":"FENTAC re\u00fane lideran\u00e7as em Fortaleza e tra\u00e7a novos rumos para a avia\u00e7\u00e3o civil - SINDIGRU","robots":{"index":"index","follow":"follow","max-snippet":"max-snippet:-1","max-image-preview":"max-image-preview:large","max-video-preview":"max-video-preview:-1"},"canonical":"https:\/\/modelo.criativeweb.com.br\/sindigru\/fentac-reune-liderancas-em-fortaleza-e-traca-novos-rumos-para-a-aviacao-civil\/","og_locale":"pt_BR","og_type":"article","og_title":"FENTAC re\u00fane lideran\u00e7as em Fortaleza e tra\u00e7a novos rumos para a avia\u00e7\u00e3o civil - SINDIGRU","og_description":"Na quinta-feira, 3 de abril, Fortaleza foi palco de uma reuni\u00e3o estrat\u00e9gica que marcou um novo cap\u00edtulo para a avia\u00e7\u00e3o [&hellip;]","og_url":"https:\/\/modelo.criativeweb.com.br\/sindigru\/fentac-reune-liderancas-em-fortaleza-e-traca-novos-rumos-para-a-aviacao-civil\/","og_site_name":"SINDIGRU","article_publisher":"https:\/\/www.facebook.com\/sindigru","article_published_time":"2025-04-04T14:37:32+00:00","og_image":[{"width":619,"height":480,"url":"https:\/\/modelo.criativeweb.com.br\/sindigru\/wp-content\/uploads\/2026\/05\/Fentac-fortaleza-1.jpg","type":"image\/jpeg"}],"author":"Roberto","twitter_card":"summary_large_image","twitter_creator":"@sindigru","twitter_site":"@sindigru","twitter_misc":{"Escrito por":"Roberto","Est. tempo de leitura":"2 minutos"},"schema":{"@context":"https:\/\/schema.org","@graph":[{"@type":"Article","@id":"https:\/\/modelo.criativeweb.com.br\/sindigru\/fentac-reune-liderancas-em-fortaleza-e-traca-novos-rumos-para-a-aviacao-civil\/#article","isPartOf":{"@id":"https:\/\/modelo.criativeweb.com.br\/sindigru\/fentac-reune-liderancas-em-fortaleza-e-traca-novos-rumos-para-a-aviacao-civil\/"},"author":{"name":"Roberto","@id":"https:\/\/modelo.criativeweb.com.br\/sindigru\/#\/schema\/person\/ebbf8e182b04c80b29fafd391ba2c71d"},"headline":"FENTAC re\u00fane lideran\u00e7as em Fortaleza e tra\u00e7a novos rumos para a avia\u00e7\u00e3o civil","datePublished":"2025-04-04T14:37:32+00:00","mainEntityOfPage":{"@id":"https:\/\/modelo.criativeweb.com.br\/sindigru\/fentac-reune-liderancas-em-fortaleza-e-traca-novos-rumos-para-a-aviacao-civil\/"},"wordCount":342,"commentCount":0,"publisher":{"@id":"https:\/\/modelo.criativeweb.com.br\/sindigru\/#organization"},"image":{"@id":"https:\/\/modelo.criativeweb.com.br\/sindigru\/fentac-reune-liderancas-em-fortaleza-e-traca-novos-rumos-para-a-aviacao-civil\/#primaryimage"},"thumbnailUrl":"https:\/\/modelo.criativeweb.com.br\/sindigru\/wp-content\/uploads\/2026\/05\/Fentac-fortaleza-1.jpg","articleSection":["Not\u00edcias"],"inLanguage":"pt-BR","potentialAction":[{"@type":"CommentAction","name":"Comment","target":["https:\/\/modelo.criativeweb.com.br\/sindigru\/fentac-reune-liderancas-em-fortaleza-e-traca-novos-rumos-para-a-aviacao-civil\/#respond"]}]},{"@type":"WebPage","@id":"https:\/\/modelo.criativeweb.com.br\/sindigru\/fentac-reune-liderancas-em-fortaleza-e-traca-novos-rumos-para-a-aviacao-civil\/","url":"https:\/\/modelo.criativeweb.com.br\/sindigru\/fentac-reune-liderancas-em-fortaleza-e-traca-novos-rumos-para-a-aviacao-civil\/","name":"FENTAC re\u00fane lideran\u00e7as em Fortaleza e tra\u00e7a novos rumos para a avia\u00e7\u00e3o civil - SINDIGRU","isPartOf":{"@id":"https:\/\/modelo.criativeweb.com.br\/sindigru\/#website"},"primaryImageOfPage":{"@id":"https:\/\/modelo.criativeweb.com.br\/sindigru\/fentac-reune-liderancas-em-fortaleza-e-traca-novos-rumos-para-a-aviacao-civil\/#primaryimage"},"image":{"@id":"https:\/\/modelo.criativeweb.com.br\/sindigru\/fentac-reune-liderancas-em-fortaleza-e-traca-novos-rumos-para-a-aviacao-civil\/#primaryimage"},"thumbnailUrl":"https:\/\/modelo.criativeweb.com.br\/sindigru\/wp-content\/uploads\/2026\/05\/Fentac-fortaleza-1.jpg","datePublished":"2025-04-04T14:37:32+00:00","breadcrumb":{"@id":"https:\/\/modelo.criativeweb.com.br\/sindigru\/fentac-reune-liderancas-em-fortaleza-e-traca-novos-rumos-para-a-aviacao-civil\/#breadcrumb"},"inLanguage":"pt-BR","potentialAction":[{"@type":"ReadAction","target":["https:\/\/modelo.criativeweb.com.br\/sindigru\/fentac-reune-liderancas-em-fortaleza-e-traca-novos-rumos-para-a-aviacao-civil\/"]}]},{"@type":"ImageObject","inLanguage":"pt-BR","@id":"https:\/\/modelo.criativeweb.com.br\/sindigru\/fentac-reune-liderancas-em-fortaleza-e-traca-novos-rumos-para-a-aviacao-civil\/#primaryimage","url":"https:\/\/modelo.criativeweb.com.br\/sindigru\/wp-content\/uploads\/2026\/05\/Fentac-fortaleza-1.jpg","contentUrl":"https:\/\/modelo.criativeweb.com.br\/sindigru\/wp-content\/uploads\/2026\/05\/Fentac-fortaleza-1.jpg","width":619,"height":480},{"@type":"BreadcrumbList","@id":"https:\/\/modelo.criativeweb.com.br\/sindigru\/fentac-reune-liderancas-em-fortaleza-e-traca-novos-rumos-para-a-aviacao-civil\/#breadcrumb","itemListElement":[{"@type":"ListItem","position":1,"name":"In\u00edcio","item":"https:\/\/modelo.criativeweb.com.br\/sindigru\/"},{"@type":"ListItem","position":2,"name":"FENTAC re\u00fane lideran\u00e7as em Fortaleza e tra\u00e7a novos rumos para a avia\u00e7\u00e3o civil"}]},{"@type":"WebSite","@id":"https:\/\/modelo.criativeweb.com.br\/sindigru\/#website","url":"https:\/\/modelo.criativeweb.com.br\/sindigru\/","name":"SINDIGRU","description":"Sindicato dos Aerovi\u00e1rios de Guarulhos.","publisher":{"@id":"https:\/\/modelo.criativeweb.com.br\/sindigru\/#organization"},"potentialAction":[{"@type":"SearchAction","target":{"@type":"EntryPoint","urlTemplate":"https:\/\/modelo.criativeweb.com.br\/sindigru\/?s={search_term_string}"},"query-input":{"@type":"PropertyValueSpecification","valueRequired":true,"valueName":"search_term_string"}}],"inLanguage":"pt-BR"},{"@type":"Organization","@id":"https:\/\/modelo.criativeweb.com.br\/sindigru\/#organization","name":"Sindigru","url":"https:\/\/modelo.criativeweb.com.br\/sindigru\/","logo":{"@type":"ImageObject","inLanguage":"pt-BR","@id":"https:\/\/modelo.criativeweb.com.br\/sindigru\/#\/schema\/logo\/image\/","url":"","contentUrl":"","caption":"Sindigru"},"image":{"@id":"https:\/\/modelo.criativeweb.com.br\/sindigru\/#\/schema\/logo\/image\/"},"sameAs":["https:\/\/www.facebook.com\/sindigru","https:\/\/x.com\/sindigru","https:\/\/www.youtube.com\/c\/SINDIGRU-CUT","https:\/\/instagram.com\/sindigru"]},{"@type":"Person","@id":"https:\/\/modelo.criativeweb.com.br\/sindigru\/#\/schema\/person\/ebbf8e182b04c80b29fafd391ba2c71d","name":"Roberto","image":{"@type":"ImageObject","inLanguage":"pt-BR","@id":"https:\/\/secure.gravatar.com\/avatar\/fae9cbedfe570656231ad990f3aa947c7a9b5e6fa73065d842851f30b12ae6b4?s=96&d=mm&r=g","url":"https:\/\/secure.gravatar.com\/avatar\/fae9cbedfe570656231ad990f3aa947c7a9b5e6fa73065d842851f30b12ae6b4?s=96&d=mm&r=g","contentUrl":"https:\/\/secure.gravatar.com\/avatar\/fae9cbedfe570656231ad990f3aa947c7a9b5e6fa73065d842851f30b12ae6b4?s=96&d=mm&r=g","caption":"Roberto"}}]}},"_links":{"self":[{"href":"https:\/\/modelo.criativeweb.com.br\/sindigru\/wp-json\/wp\/v2\/posts\/21777","targetHints":{"allow":["GET"]}}],"collection":[{"href":"https:\/\/modelo.criativeweb.com.br\/sindigru\/wp-json\/wp\/v2\/posts"}],"about":[{"href":"https:\/\/modelo.criativeweb.com.br\/sindigru\/wp-json\/wp\/v2\/types\/post"}],"author":[{"embeddable":true,"href":"https:\/\/modelo.criativeweb.com.br\/sindigru\/wp-json\/wp\/v2\/users\/10"}],"replies":[{"embeddable":true,"href":"https:\/\/modelo.criativeweb.com.br\/sindigru\/wp-json\/wp\/v2\/comments?post=21777"}],"version-history":[{"count":0,"href":"https:\/\/modelo.criativeweb.com.br\/sindigru\/wp-json\/wp\/v2\/posts\/21777\/revisions"}],"wp:featuredmedia":[{"embeddable":true,"href":"https:\/\/modelo.criativeweb.com.br\/sindigru\/wp-json\/wp\/v2\/media\/18659"}],"wp:attachment":[{"href":"https:\/\/modelo.criativeweb.com.br\/sindigru\/wp-json\/wp\/v2\/media?parent=21777"}],"wp:term":[{"taxonomy":"category","embeddable":true,"href":"https:\/\/modelo.criativeweb.com.br\/sindigru\/wp-json\/wp\/v2\/categories?post=21777"},{"taxonomy":"post_tag","embeddable":true,"href":"https:\/\/modelo.criativeweb.com.br\/sindigru\/wp-json\/wp\/v2\/tags?post=21777"}],"curies":[{"name":"wp","href":"https:\/\/api.w.org\/{rel}","templated":true}]}}