{"id":21756,"date":"2024-12-10T21:24:32","date_gmt":"2024-12-11T00:24:32","guid":{"rendered":"https:\/\/modelo.criativeweb.com.br\/sindigru\/convencao-coletiva-de-trabalho-2024-2025\/"},"modified":"2024-12-10T21:24:32","modified_gmt":"2024-12-11T00:24:32","slug":"convencao-coletiva-de-trabalho-2024-2025","status":"publish","type":"post","link":"https:\/\/modelo.criativeweb.com.br\/sindigru\/convencao-coletiva-de-trabalho-2024-2025\/","title":{"rendered":"Conven\u00e7\u00e3o Coletiva de Trabalho 2024\/2025"},"content":{"rendered":"<p>O SINDIGRU assinou hoje, 10 de dezembro, a Conven\u00e7\u00e3o Coletiva de Trabalho (CCT) 2024\/2025, que assegura importantes reajustes econ\u00f4micos para a categoria. Os \u00edndices oficiais, agora confirmados, garantem ganhos reais para os trabalhadores aerovi\u00e1rios, conforme detalhado abaixo:<\/p>\n<h3><strong>CL\u00c1USULAS ECON\u00d4MICAS<\/strong><\/h3>\n<ul>\n<li>Reajuste Salarial: 4,84%<\/li>\n<li>Reajuste Pisos Salariais: 5,84%<\/li>\n<li>\u2060Reajuste para tickets (VA e VR): 6,84%<\/li>\n<\/ul>\n<h3><strong>NOVAS CL\u00c1USULAS SOCIAIS <\/strong><\/h3>\n<ul>\n<li>Treinamento (na integra\u00e7\u00e3o): Durante os per\u00edodos de capacita\u00e7\u00e3o, a jornada poder\u00e1 ser de at\u00e9 42 horas semanais sem pagamento de horas extras, limitada aos dias de treinamento.<\/li>\n<li>Sistema Alternativo de Ponto Eletr\u00f4nico: Introdu\u00e7\u00e3o de um sistema que permite marca\u00e7\u00e3o eletr\u00f4nica de ponto, incluindo dispositivos m\u00f3veis, sem restri\u00e7\u00f5es de marca\u00e7\u00e3o ou necessidade de autoriza\u00e7\u00e3o pr\u00e9via para horas extras.<\/li>\n<li>Apoio a Aerovi\u00e1rias V\u00edtimas de Viol\u00eancia Dom\u00e9stica: A proposta prev\u00ea licen\u00e7a remunerada de 3 dias para aerovi\u00e1rias que apresentem boletim de ocorr\u00eancia em casos de viol\u00eancia dom\u00e9stica, sem preju\u00edzo dos vales-refei\u00e7\u00e3o.<\/li>\n<\/ul>\n<p>Esses \u00edndices foram fruto de uma negocia\u00e7\u00e3o intensa e reafirmam o compromisso do SINDIGRU em lutar por melhores condi\u00e7\u00f5es econ\u00f4micas para a categoria.<\/p>\n<h3><strong>Fa\u00e7a seu sindicato forte<\/strong><\/h3>\n<p>O SINDIGRU refor\u00e7a que a contribui\u00e7\u00e3o sindical \u00e9 a principal fonte de renda do sindicato, para atender a campanha salarial e manter sua estrutura pronta para os trabalhadores e seus dependentes, sendo essencial para defender os direitos da categoria. O departamento jur\u00eddico com advogados especializados, assessoria de comunica\u00e7\u00e3o preparada para informar e dispor ferramentas online para o maior alcance da categoria, assessoria econ\u00f4mica qualificada para analisar todos os dados econ\u00f4micos e do mercado de trabalho e funcion\u00e1rios prontos e treinados para direcionar ou solucionar as demandas da categoria, isso s\u00f3 s\u00e3o poss\u00edveis gra\u00e7as a contribui\u00e7\u00e3o aceita pelos trabalhadores aerovi\u00e1rios do aeroporto de Guarulhos deliberada na assembleia de constru\u00e7\u00e3o de pauta negocial para iniciarmos as negocia\u00e7\u00f5es em setembro de 2024.<\/p>\n<p>Quando o trabalhador opta por n\u00e3o contribuir, enfraquece diretamente a capacidade do sindicato de lutar por reajustes salariais, melhores condi\u00e7\u00f5es de trabalho, outros benef\u00edcios coletivos, organiza\u00e7\u00e3o de nossa profiss\u00e3o frente aos desafios e principalmente defender os direitos conquistados at\u00e9 hoje, pois com a reforma trabalhista nenhum direito fica garantido sem a participa\u00e7\u00e3o do seu sindicato. A contribui\u00e7\u00e3o \u00e9 mais do que um desconto pelo olhar financeiro, \u00e9 um investimento na for\u00e7a e na representatividade de todos os trabalhadores aerovi\u00e1rios.<\/p>\n<p>Esta \u00e9 uma decis\u00e3o democr\u00e1tica, mas cabe ao sindicato informar para conscientizar os trabalhadores diante de sua necessidade. Qualquer discuss\u00e3o sobre os referidos valores ou formas para buscar a sustentabilidade da institui\u00e7\u00e3o representativa deve ser levado em considera\u00e7\u00e3o a sua exist\u00eancia frente aos desafios do setor e \u201cisso \u00e9 feito constantemente ano ap\u00f3s ano pela atual dire\u00e7\u00e3o\u201d afirma Rodrigo Maciel, presidente do SINDIGRU e aerovi\u00e1rio h\u00e1 quase 25 anos.<\/p>\n<p>O SINDIGRU, tamb\u00e9m atua na esfera internacional, atrav\u00e9s da ITF, nacional, atrav\u00e9s da FENTAC e atua diretamente em discuss\u00f5es com o Governo Federal e para tanto, \u00e0 necessidade de recursos para ocupar estes espa\u00e7os e representar os trabalhadores do setor em alto n\u00edvel como requer nossa profiss\u00e3o.<\/p>\n<p>Pense nisso e acompanhe todo este trabalho e n\u00e3o aguarde somente informa\u00e7\u00e3o sobre prazo para se opor ao desconto da contribui\u00e7\u00e3o assistencial, que come\u00e7a contar a partir de hoje, 10 de dezembro de 2024, ap\u00f3s assinatura da CONVEN\u00c7\u00c3O COLETIVA DE TRABALHO entre as partes, SNEA (SINDICATO NACIONAL DAS EMPRESAS A\u00c9REAS e SINDIGRU (SINDICATO DOS AEROVI\u00c1RIOS DE GUARULHOS )<\/p>\n<p>Fa\u00e7a seu sindicato forte apoie este trabalho e seja justo com sua profiss\u00e3o.<\/p>\n<div class=\"gsp_post_data\" \r\n\t            data-post_type=\"post\" \r\n\t            data-cat=\"noticias\" \r\n\t            data-modified=\"120\"\r\n\t            data-created=\"1733865872\"\r\n\t            data-title=\"Conven\u00e7\u00e3o Coletiva de Trabalho 2024\/2025\" \r\n\t            data-home=\"https:\/\/modelo.criativeweb.com.br\/sindigru\"><\/div>","protected":false},"excerpt":{"rendered":"<p>Os \u00edndices foram fruto de uma negocia\u00e7\u00e3o intensa e reafirmam o compromisso do SINDIGRU em lutar por melhores condi\u00e7\u00f5es econ\u00f4micas para a categoria<\/p>\n","protected":false},"author":10,"featured_media":18625,"comment_status":"open","ping_status":"open","sticky":false,"template":"","format":"standard","meta":{"site-sidebar-layout":"default","site-content-layout":"","ast-site-content-layout":"default","site-content-style":"default","site-sidebar-style":"default","ast-global-header-display":"","ast-banner-title-visibility":"","ast-main-header-display":"","ast-hfb-above-header-display":"","ast-hfb-below-header-display":"","ast-hfb-mobile-header-display":"","site-post-title":"","ast-breadcrumbs-content":"","ast-featured-img":"","footer-sml-layout":"","ast-disable-related-posts":"","theme-transparent-header-meta":"","adv-header-id-meta":"","stick-header-meta":"","header-above-stick-meta":"","header-main-stick-meta":"","header-below-stick-meta":"","astra-migrate-meta-layouts":"default","ast-page-background-enabled":"default","ast-page-background-meta":{"desktop":{"background-color":"var(--ast-global-color-5)","background-image":"","background-repeat":"repeat","background-position":"center center","background-size":"auto","background-attachment":"scroll","background-type":"","background-media":"","overlay-type":"","overlay-color":"","overlay-opacity":"","overlay-gradient":""},"tablet":{"background-color":"","background-image":"","background-repeat":"repeat","background-position":"center center","background-size":"auto","background-attachment":"scroll","background-type":"","background-media":"","overlay-type":"","overlay-color":"","overlay-opacity":"","overlay-gradient":""},"mobile":{"background-color":"","background-image":"","background-repeat":"repeat","background-position":"center center","background-size":"auto","background-attachment":"scroll","background-type":"","background-media":"","overlay-type":"","overlay-color":"","overlay-opacity":"","overlay-gradient":""}},"ast-content-background-meta":{"desktop":{"background-color":"var(--ast-global-color-4)","background-image":"","background-repeat":"repeat","background-position":"center center","background-size":"auto","background-attachment":"scroll","background-type":"","background-media":"","overlay-type":"","overlay-color":"","overlay-opacity":"","overlay-gradient":""},"tablet":{"background-color":"var(--ast-global-color-4)","background-image":"","background-repeat":"repeat","background-position":"center center","background-size":"auto","background-attachment":"scroll","background-type":"","background-media":"","overlay-type":"","overlay-color":"","overlay-opacity":"","overlay-gradient":""},"mobile":{"background-color":"var(--ast-global-color-4)","background-image":"","background-repeat":"repeat","background-position":"center center","background-size":"auto","background-attachment":"scroll","background-type":"","background-media":"","overlay-type":"","overlay-color":"","overlay-opacity":"","overlay-gradient":""}},"_joinchat":[],"footnotes":"","_links_to":"","_links_to_target":""},"categories":[3329],"tags":[],"class_list":["post-21756","post","type-post","status-publish","format-standard","has-post-thumbnail","hentry","category-noticias"],"yoast_head":"<!-- This site is optimized with the Yoast SEO plugin v27.5 - https:\/\/yoast.com\/product\/yoast-seo-wordpress\/ -->\n<title>Conven\u00e7\u00e3o Coletiva de Trabalho 2024\/2025 - SINDIGRU<\/title>\n<meta name=\"robots\" content=\"index, follow, max-snippet:-1, max-image-preview:large, max-video-preview:-1\" \/>\n<link rel=\"canonical\" href=\"https:\/\/modelo.criativeweb.com.br\/sindigru\/convencao-coletiva-de-trabalho-2024-2025\/\" \/>\n<meta property=\"og:locale\" content=\"pt_BR\" \/>\n<meta property=\"og:type\" content=\"article\" \/>\n<meta property=\"og:title\" content=\"Conven\u00e7\u00e3o Coletiva de Trabalho 2024\/2025 - SINDIGRU\" \/>\n<meta property=\"og:description\" content=\"Os \u00edndices foram fruto de uma negocia\u00e7\u00e3o intensa e reafirmam o compromisso do SINDIGRU em lutar por melhores condi\u00e7\u00f5es econ\u00f4micas para a categoria\" \/>\n<meta property=\"og:url\" content=\"https:\/\/modelo.criativeweb.com.br\/sindigru\/convencao-coletiva-de-trabalho-2024-2025\/\" \/>\n<meta property=\"og:site_name\" content=\"SINDIGRU\" \/>\n<meta property=\"article:publisher\" content=\"https:\/\/www.facebook.com\/sindigru\" \/>\n<meta property=\"article:published_time\" content=\"2024-12-11T00:24:32+00:00\" \/>\n<meta property=\"og:image\" content=\"https:\/\/modelo.criativeweb.com.br\/sindigru\/wp-content\/uploads\/2026\/05\/SNEA.jpg\" \/>\n\t<meta property=\"og:image:width\" content=\"903\" \/>\n\t<meta property=\"og:image:height\" content=\"710\" \/>\n\t<meta property=\"og:image:type\" content=\"image\/jpeg\" \/>\n<meta name=\"author\" content=\"Roberto\" \/>\n<meta name=\"twitter:card\" content=\"summary_large_image\" \/>\n<meta name=\"twitter:creator\" content=\"@sindigru\" \/>\n<meta name=\"twitter:site\" content=\"@sindigru\" \/>\n<meta name=\"twitter:label1\" content=\"Escrito por\" \/>\n\t<meta name=\"twitter:data1\" content=\"Roberto\" \/>\n\t<meta name=\"twitter:label2\" content=\"Est. tempo de leitura\" \/>\n\t<meta name=\"twitter:data2\" content=\"4 minutos\" \/>\n<script type=\"application\/ld+json\" class=\"yoast-schema-graph\">{\"@context\":\"https:\\\/\\\/schema.org\",\"@graph\":[{\"@type\":\"Article\",\"@id\":\"https:\\\/\\\/modelo.criativeweb.com.br\\\/sindigru\\\/convencao-coletiva-de-trabalho-2024-2025\\\/#article\",\"isPartOf\":{\"@id\":\"https:\\\/\\\/modelo.criativeweb.com.br\\\/sindigru\\\/convencao-coletiva-de-trabalho-2024-2025\\\/\"},\"author\":{\"name\":\"Roberto\",\"@id\":\"https:\\\/\\\/modelo.criativeweb.com.br\\\/sindigru\\\/#\\\/schema\\\/person\\\/ebbf8e182b04c80b29fafd391ba2c71d\"},\"headline\":\"Conven\u00e7\u00e3o Coletiva de Trabalho 2024\\\/2025\",\"datePublished\":\"2024-12-11T00:24:32+00:00\",\"mainEntityOfPage\":{\"@id\":\"https:\\\/\\\/modelo.criativeweb.com.br\\\/sindigru\\\/convencao-coletiva-de-trabalho-2024-2025\\\/\"},\"wordCount\":625,\"commentCount\":0,\"publisher\":{\"@id\":\"https:\\\/\\\/modelo.criativeweb.com.br\\\/sindigru\\\/#organization\"},\"image\":{\"@id\":\"https:\\\/\\\/modelo.criativeweb.com.br\\\/sindigru\\\/convencao-coletiva-de-trabalho-2024-2025\\\/#primaryimage\"},\"thumbnailUrl\":\"https:\\\/\\\/modelo.criativeweb.com.br\\\/sindigru\\\/wp-content\\\/uploads\\\/2026\\\/05\\\/SNEA.jpg\",\"articleSection\":[\"Not\u00edcias\"],\"inLanguage\":\"pt-BR\",\"potentialAction\":[{\"@type\":\"CommentAction\",\"name\":\"Comment\",\"target\":[\"https:\\\/\\\/modelo.criativeweb.com.br\\\/sindigru\\\/convencao-coletiva-de-trabalho-2024-2025\\\/#respond\"]}]},{\"@type\":\"WebPage\",\"@id\":\"https:\\\/\\\/modelo.criativeweb.com.br\\\/sindigru\\\/convencao-coletiva-de-trabalho-2024-2025\\\/\",\"url\":\"https:\\\/\\\/modelo.criativeweb.com.br\\\/sindigru\\\/convencao-coletiva-de-trabalho-2024-2025\\\/\",\"name\":\"Conven\u00e7\u00e3o Coletiva de Trabalho 2024\\\/2025 - SINDIGRU\",\"isPartOf\":{\"@id\":\"https:\\\/\\\/modelo.criativeweb.com.br\\\/sindigru\\\/#website\"},\"primaryImageOfPage\":{\"@id\":\"https:\\\/\\\/modelo.criativeweb.com.br\\\/sindigru\\\/convencao-coletiva-de-trabalho-2024-2025\\\/#primaryimage\"},\"image\":{\"@id\":\"https:\\\/\\\/modelo.criativeweb.com.br\\\/sindigru\\\/convencao-coletiva-de-trabalho-2024-2025\\\/#primaryimage\"},\"thumbnailUrl\":\"https:\\\/\\\/modelo.criativeweb.com.br\\\/sindigru\\\/wp-content\\\/uploads\\\/2026\\\/05\\\/SNEA.jpg\",\"datePublished\":\"2024-12-11T00:24:32+00:00\",\"breadcrumb\":{\"@id\":\"https:\\\/\\\/modelo.criativeweb.com.br\\\/sindigru\\\/convencao-coletiva-de-trabalho-2024-2025\\\/#breadcrumb\"},\"inLanguage\":\"pt-BR\",\"potentialAction\":[{\"@type\":\"ReadAction\",\"target\":[\"https:\\\/\\\/modelo.criativeweb.com.br\\\/sindigru\\\/convencao-coletiva-de-trabalho-2024-2025\\\/\"]}]},{\"@type\":\"ImageObject\",\"inLanguage\":\"pt-BR\",\"@id\":\"https:\\\/\\\/modelo.criativeweb.com.br\\\/sindigru\\\/convencao-coletiva-de-trabalho-2024-2025\\\/#primaryimage\",\"url\":\"https:\\\/\\\/modelo.criativeweb.com.br\\\/sindigru\\\/wp-content\\\/uploads\\\/2026\\\/05\\\/SNEA.jpg\",\"contentUrl\":\"https:\\\/\\\/modelo.criativeweb.com.br\\\/sindigru\\\/wp-content\\\/uploads\\\/2026\\\/05\\\/SNEA.jpg\",\"width\":903,\"height\":710},{\"@type\":\"BreadcrumbList\",\"@id\":\"https:\\\/\\\/modelo.criativeweb.com.br\\\/sindigru\\\/convencao-coletiva-de-trabalho-2024-2025\\\/#breadcrumb\",\"itemListElement\":[{\"@type\":\"ListItem\",\"position\":1,\"name\":\"In\u00edcio\",\"item\":\"https:\\\/\\\/modelo.criativeweb.com.br\\\/sindigru\\\/\"},{\"@type\":\"ListItem\",\"position\":2,\"name\":\"Conven\u00e7\u00e3o Coletiva de Trabalho 2024\\\/2025\"}]},{\"@type\":\"WebSite\",\"@id\":\"https:\\\/\\\/modelo.criativeweb.com.br\\\/sindigru\\\/#website\",\"url\":\"https:\\\/\\\/modelo.criativeweb.com.br\\\/sindigru\\\/\",\"name\":\"SINDIGRU\",\"description\":\"Sindicato dos Aerovi\u00e1rios de Guarulhos.\",\"publisher\":{\"@id\":\"https:\\\/\\\/modelo.criativeweb.com.br\\\/sindigru\\\/#organization\"},\"potentialAction\":[{\"@type\":\"SearchAction\",\"target\":{\"@type\":\"EntryPoint\",\"urlTemplate\":\"https:\\\/\\\/modelo.criativeweb.com.br\\\/sindigru\\\/?s={search_term_string}\"},\"query-input\":{\"@type\":\"PropertyValueSpecification\",\"valueRequired\":true,\"valueName\":\"search_term_string\"}}],\"inLanguage\":\"pt-BR\"},{\"@type\":\"Organization\",\"@id\":\"https:\\\/\\\/modelo.criativeweb.com.br\\\/sindigru\\\/#organization\",\"name\":\"Sindigru\",\"url\":\"https:\\\/\\\/modelo.criativeweb.com.br\\\/sindigru\\\/\",\"logo\":{\"@type\":\"ImageObject\",\"inLanguage\":\"pt-BR\",\"@id\":\"https:\\\/\\\/modelo.criativeweb.com.br\\\/sindigru\\\/#\\\/schema\\\/logo\\\/image\\\/\",\"url\":\"\",\"contentUrl\":\"\",\"caption\":\"Sindigru\"},\"image\":{\"@id\":\"https:\\\/\\\/modelo.criativeweb.com.br\\\/sindigru\\\/#\\\/schema\\\/logo\\\/image\\\/\"},\"sameAs\":[\"https:\\\/\\\/www.facebook.com\\\/sindigru\",\"https:\\\/\\\/x.com\\\/sindigru\",\"https:\\\/\\\/www.youtube.com\\\/c\\\/SINDIGRU-CUT\",\"https:\\\/\\\/instagram.com\\\/sindigru\"]},{\"@type\":\"Person\",\"@id\":\"https:\\\/\\\/modelo.criativeweb.com.br\\\/sindigru\\\/#\\\/schema\\\/person\\\/ebbf8e182b04c80b29fafd391ba2c71d\",\"name\":\"Roberto\",\"image\":{\"@type\":\"ImageObject\",\"inLanguage\":\"pt-BR\",\"@id\":\"https:\\\/\\\/secure.gravatar.com\\\/avatar\\\/fae9cbedfe570656231ad990f3aa947c7a9b5e6fa73065d842851f30b12ae6b4?s=96&d=mm&r=g\",\"url\":\"https:\\\/\\\/secure.gravatar.com\\\/avatar\\\/fae9cbedfe570656231ad990f3aa947c7a9b5e6fa73065d842851f30b12ae6b4?s=96&d=mm&r=g\",\"contentUrl\":\"https:\\\/\\\/secure.gravatar.com\\\/avatar\\\/fae9cbedfe570656231ad990f3aa947c7a9b5e6fa73065d842851f30b12ae6b4?s=96&d=mm&r=g\",\"caption\":\"Roberto\"}}]}<\/script>\n<!-- \/ Yoast SEO plugin. -->","yoast_head_json":{"title":"Conven\u00e7\u00e3o Coletiva de Trabalho 2024\/2025 - SINDIGRU","robots":{"index":"index","follow":"follow","max-snippet":"max-snippet:-1","max-image-preview":"max-image-preview:large","max-video-preview":"max-video-preview:-1"},"canonical":"https:\/\/modelo.criativeweb.com.br\/sindigru\/convencao-coletiva-de-trabalho-2024-2025\/","og_locale":"pt_BR","og_type":"article","og_title":"Conven\u00e7\u00e3o Coletiva de Trabalho 2024\/2025 - SINDIGRU","og_description":"Os \u00edndices foram fruto de uma negocia\u00e7\u00e3o intensa e reafirmam o compromisso do SINDIGRU em lutar por melhores condi\u00e7\u00f5es econ\u00f4micas para a categoria","og_url":"https:\/\/modelo.criativeweb.com.br\/sindigru\/convencao-coletiva-de-trabalho-2024-2025\/","og_site_name":"SINDIGRU","article_publisher":"https:\/\/www.facebook.com\/sindigru","article_published_time":"2024-12-11T00:24:32+00:00","og_image":[{"width":903,"height":710,"url":"https:\/\/modelo.criativeweb.com.br\/sindigru\/wp-content\/uploads\/2026\/05\/SNEA.jpg","type":"image\/jpeg"}],"author":"Roberto","twitter_card":"summary_large_image","twitter_creator":"@sindigru","twitter_site":"@sindigru","twitter_misc":{"Escrito por":"Roberto","Est. tempo de leitura":"4 minutos"},"schema":{"@context":"https:\/\/schema.org","@graph":[{"@type":"Article","@id":"https:\/\/modelo.criativeweb.com.br\/sindigru\/convencao-coletiva-de-trabalho-2024-2025\/#article","isPartOf":{"@id":"https:\/\/modelo.criativeweb.com.br\/sindigru\/convencao-coletiva-de-trabalho-2024-2025\/"},"author":{"name":"Roberto","@id":"https:\/\/modelo.criativeweb.com.br\/sindigru\/#\/schema\/person\/ebbf8e182b04c80b29fafd391ba2c71d"},"headline":"Conven\u00e7\u00e3o Coletiva de Trabalho 2024\/2025","datePublished":"2024-12-11T00:24:32+00:00","mainEntityOfPage":{"@id":"https:\/\/modelo.criativeweb.com.br\/sindigru\/convencao-coletiva-de-trabalho-2024-2025\/"},"wordCount":625,"commentCount":0,"publisher":{"@id":"https:\/\/modelo.criativeweb.com.br\/sindigru\/#organization"},"image":{"@id":"https:\/\/modelo.criativeweb.com.br\/sindigru\/convencao-coletiva-de-trabalho-2024-2025\/#primaryimage"},"thumbnailUrl":"https:\/\/modelo.criativeweb.com.br\/sindigru\/wp-content\/uploads\/2026\/05\/SNEA.jpg","articleSection":["Not\u00edcias"],"inLanguage":"pt-BR","potentialAction":[{"@type":"CommentAction","name":"Comment","target":["https:\/\/modelo.criativeweb.com.br\/sindigru\/convencao-coletiva-de-trabalho-2024-2025\/#respond"]}]},{"@type":"WebPage","@id":"https:\/\/modelo.criativeweb.com.br\/sindigru\/convencao-coletiva-de-trabalho-2024-2025\/","url":"https:\/\/modelo.criativeweb.com.br\/sindigru\/convencao-coletiva-de-trabalho-2024-2025\/","name":"Conven\u00e7\u00e3o Coletiva de Trabalho 2024\/2025 - SINDIGRU","isPartOf":{"@id":"https:\/\/modelo.criativeweb.com.br\/sindigru\/#website"},"primaryImageOfPage":{"@id":"https:\/\/modelo.criativeweb.com.br\/sindigru\/convencao-coletiva-de-trabalho-2024-2025\/#primaryimage"},"image":{"@id":"https:\/\/modelo.criativeweb.com.br\/sindigru\/convencao-coletiva-de-trabalho-2024-2025\/#primaryimage"},"thumbnailUrl":"https:\/\/modelo.criativeweb.com.br\/sindigru\/wp-content\/uploads\/2026\/05\/SNEA.jpg","datePublished":"2024-12-11T00:24:32+00:00","breadcrumb":{"@id":"https:\/\/modelo.criativeweb.com.br\/sindigru\/convencao-coletiva-de-trabalho-2024-2025\/#breadcrumb"},"inLanguage":"pt-BR","potentialAction":[{"@type":"ReadAction","target":["https:\/\/modelo.criativeweb.com.br\/sindigru\/convencao-coletiva-de-trabalho-2024-2025\/"]}]},{"@type":"ImageObject","inLanguage":"pt-BR","@id":"https:\/\/modelo.criativeweb.com.br\/sindigru\/convencao-coletiva-de-trabalho-2024-2025\/#primaryimage","url":"https:\/\/modelo.criativeweb.com.br\/sindigru\/wp-content\/uploads\/2026\/05\/SNEA.jpg","contentUrl":"https:\/\/modelo.criativeweb.com.br\/sindigru\/wp-content\/uploads\/2026\/05\/SNEA.jpg","width":903,"height":710},{"@type":"BreadcrumbList","@id":"https:\/\/modelo.criativeweb.com.br\/sindigru\/convencao-coletiva-de-trabalho-2024-2025\/#breadcrumb","itemListElement":[{"@type":"ListItem","position":1,"name":"In\u00edcio","item":"https:\/\/modelo.criativeweb.com.br\/sindigru\/"},{"@type":"ListItem","position":2,"name":"Conven\u00e7\u00e3o Coletiva de Trabalho 2024\/2025"}]},{"@type":"WebSite","@id":"https:\/\/modelo.criativeweb.com.br\/sindigru\/#website","url":"https:\/\/modelo.criativeweb.com.br\/sindigru\/","name":"SINDIGRU","description":"Sindicato dos Aerovi\u00e1rios de Guarulhos.","publisher":{"@id":"https:\/\/modelo.criativeweb.com.br\/sindigru\/#organization"},"potentialAction":[{"@type":"SearchAction","target":{"@type":"EntryPoint","urlTemplate":"https:\/\/modelo.criativeweb.com.br\/sindigru\/?s={search_term_string}"},"query-input":{"@type":"PropertyValueSpecification","valueRequired":true,"valueName":"search_term_string"}}],"inLanguage":"pt-BR"},{"@type":"Organization","@id":"https:\/\/modelo.criativeweb.com.br\/sindigru\/#organization","name":"Sindigru","url":"https:\/\/modelo.criativeweb.com.br\/sindigru\/","logo":{"@type":"ImageObject","inLanguage":"pt-BR","@id":"https:\/\/modelo.criativeweb.com.br\/sindigru\/#\/schema\/logo\/image\/","url":"","contentUrl":"","caption":"Sindigru"},"image":{"@id":"https:\/\/modelo.criativeweb.com.br\/sindigru\/#\/schema\/logo\/image\/"},"sameAs":["https:\/\/www.facebook.com\/sindigru","https:\/\/x.com\/sindigru","https:\/\/www.youtube.com\/c\/SINDIGRU-CUT","https:\/\/instagram.com\/sindigru"]},{"@type":"Person","@id":"https:\/\/modelo.criativeweb.com.br\/sindigru\/#\/schema\/person\/ebbf8e182b04c80b29fafd391ba2c71d","name":"Roberto","image":{"@type":"ImageObject","inLanguage":"pt-BR","@id":"https:\/\/secure.gravatar.com\/avatar\/fae9cbedfe570656231ad990f3aa947c7a9b5e6fa73065d842851f30b12ae6b4?s=96&d=mm&r=g","url":"https:\/\/secure.gravatar.com\/avatar\/fae9cbedfe570656231ad990f3aa947c7a9b5e6fa73065d842851f30b12ae6b4?s=96&d=mm&r=g","contentUrl":"https:\/\/secure.gravatar.com\/avatar\/fae9cbedfe570656231ad990f3aa947c7a9b5e6fa73065d842851f30b12ae6b4?s=96&d=mm&r=g","caption":"Roberto"}}]}},"_links":{"self":[{"href":"https:\/\/modelo.criativeweb.com.br\/sindigru\/wp-json\/wp\/v2\/posts\/21756","targetHints":{"allow":["GET"]}}],"collection":[{"href":"https:\/\/modelo.criativeweb.com.br\/sindigru\/wp-json\/wp\/v2\/posts"}],"about":[{"href":"https:\/\/modelo.criativeweb.com.br\/sindigru\/wp-json\/wp\/v2\/types\/post"}],"author":[{"embeddable":true,"href":"https:\/\/modelo.criativeweb.com.br\/sindigru\/wp-json\/wp\/v2\/users\/10"}],"replies":[{"embeddable":true,"href":"https:\/\/modelo.criativeweb.com.br\/sindigru\/wp-json\/wp\/v2\/comments?post=21756"}],"version-history":[{"count":0,"href":"https:\/\/modelo.criativeweb.com.br\/sindigru\/wp-json\/wp\/v2\/posts\/21756\/revisions"}],"wp:featuredmedia":[{"embeddable":true,"href":"https:\/\/modelo.criativeweb.com.br\/sindigru\/wp-json\/wp\/v2\/media\/18625"}],"wp:attachment":[{"href":"https:\/\/modelo.criativeweb.com.br\/sindigru\/wp-json\/wp\/v2\/media?parent=21756"}],"wp:term":[{"taxonomy":"category","embeddable":true,"href":"https:\/\/modelo.criativeweb.com.br\/sindigru\/wp-json\/wp\/v2\/categories?post=21756"},{"taxonomy":"post_tag","embeddable":true,"href":"https:\/\/modelo.criativeweb.com.br\/sindigru\/wp-json\/wp\/v2\/tags?post=21756"}],"curies":[{"name":"wp","href":"https:\/\/api.w.org\/{rel}","templated":true}]}}