{"id":21747,"date":"2024-11-14T10:20:17","date_gmt":"2024-11-14T13:20:17","guid":{"rendered":"https:\/\/modelo.criativeweb.com.br\/sindigru\/proposta-na-latam-traz-avancos-para-a-categoria-votacao-sera-em-assembleia-online\/"},"modified":"2024-11-14T10:20:17","modified_gmt":"2024-11-14T13:20:17","slug":"proposta-na-latam-traz-avancos-para-a-categoria-votacao-sera-em-assembleia-online","status":"publish","type":"post","link":"https:\/\/modelo.criativeweb.com.br\/sindigru\/proposta-na-latam-traz-avancos-para-a-categoria-votacao-sera-em-assembleia-online\/","title":{"rendered":"Proposta na LATAM traz avan\u00e7os para a categoria; vota\u00e7\u00e3o ser\u00e1 em assembleia online"},"content":{"rendered":"<p class=\"p3\">Ap\u00f3s a quarta rodada de negocia\u00e7\u00f5es entre a LATAM e a FENTAC, foi apresentada uma proposta que inclui importantes avan\u00e7os para a categoria. O acordo coletivo para o per\u00edodo de 2024-2026 traz conquistas econ\u00f4micas e sociais que beneficiam diretamente os trabalhadores e trabalhadoras da LATAM.<\/p>\n<p class=\"p3\">Segundo Rodrigo Maciel, presidente do SINDIGRU, <i>\u201cAl\u00e9m do aumento real conquistado este ano, conseguimos garantir para o ano que vem um aumento real de 3%. \u00c9 um avan\u00e7o significativo que reflete nosso compromisso em assegurar ganhos que realmente valorizem o trabalho dos aerovi\u00e1rios.\u201d<\/i><i><\/i><\/p>\n<h3 class=\"p1\"><strong>Proposta Completa LATAM para a Campanha Salarial 2024\/2025<\/strong><\/h3>\n<p class=\"p1\"><em>Vig\u00eancia do Acordo Coletivo de Trabalho: 2 anos (01\/12\/2024 a 30\/11\/2026).<\/em><\/p>\n<p class=\"p1\"><strong>Principais Avan\u00e7os Econ\u00f4micos<\/strong><\/p>\n<ul>\n<li class=\"p1\">Reajustes nos Pisos Salariais: Aplica\u00e7\u00e3o do INPC acumulado + 3%, assegurando ganhos reais para os sal\u00e1rios, valor estimado em 7,5% de reajuste.<\/li>\n<li class=\"p1\">Reajuste para Sal\u00e1rios Acima do Piso: INPC acumulado + 0,5% de aumento, valor estimado em 5% de reajuste.<\/li>\n<li class=\"p1\">Vale-Alimenta\u00e7\u00e3o e Vale-Refei\u00e7\u00e3o (VR e VA): Reajustes anuais pelo INPC + 3%, valor estimado em 7,5% de reajuste.<\/li>\n<li class=\"p1\">Plano de Sa\u00fade: Subs\u00eddio de 20% nas mensalidades dos dependentes, visando reduzir o custo para trabalhadores que desejam incluir familiares no plano de sa\u00fade.<\/li>\n<li class=\"p1\">Di\u00e1rias, Hospedagem e Alimenta\u00e7\u00e3o, Seguro de Vida, Multa por Descumprimento: Reajuste anual de acordo com o INPC.<\/li>\n<li class=\"p1\">Aux\u00edlio para Teletrabalho: Cobertura para despesas com internet e energia el\u00e9trica, reajustado anualmente pelo INPC.<\/li>\n<\/ul>\n<p class=\"p1\"><strong>Conquistas Sociais<\/strong><\/p>\n<ul>\n<li class=\"p1\">Aux\u00edlio-Creche: Aumento da faixa et\u00e1ria para recebimento do aux\u00edlio de 3 para 4 anos, com pagamento garantido por at\u00e9 30 meses.<\/li>\n<li class=\"p1\">Banco de Horas: Redu\u00e7\u00e3o do limite de 75h para 50h por quadrimestre, oferecendo maior flexibilidade e equil\u00edbrio entre a vida pessoal e profissional.<\/li>\n<li class=\"p1\">Abonos para Acompanhamento de Gestantes: Direito a 4 faltas abonadas durante a gesta\u00e7\u00e3o, para acompanhamento de consultas e exames m\u00e9dicos.<\/li>\n<li class=\"p1\">Pedido de Demiss\u00e3o de Empregado Aposentado: Direito de desligamento com recebimento das verbas rescis\u00f3rias completas para trabalhadores com 15 anos de empresa e 60 anos de idade.<\/li>\n<li class=\"p1\">Programa 50+: Cria\u00e7\u00e3o de um programa espec\u00edfico para a contrata\u00e7\u00e3o de profissionais com idade superior a 50 anos.<\/li>\n<li class=\"p1\">Licen\u00e7a para Viol\u00eancia Dom\u00e9stica: A proposta garante licen\u00e7a remunerada de at\u00e9 7 dias para aerovi\u00e1rias v\u00edtimas de viol\u00eancia dom\u00e9stica, mediante a apresenta\u00e7\u00e3o de boletim de ocorr\u00eancia, sem preju\u00edzo do vale-refei\u00e7\u00e3o.<\/li>\n<\/ul>\n<p class=\"p1\"><strong>Flexibilidade e Jornada<\/strong><\/p>\n<ul>\n<li class=\"p1\">Horas Extras em Ambientes Insalubres: Permiss\u00e3o de extens\u00e3o de jornada nesses ambientes sem necessidade de licen\u00e7a pr\u00e9via.<\/li>\n<li class=\"p1\">Altera\u00e7\u00e3o de Carga Hor\u00e1ria Mensal: Flexibilidade para ajustar a carga hor\u00e1ria entre 180h e 210h mensais, mediante concord\u00e2ncia com o trabalhador.<\/li>\n<li class=\"p1\">Substitui\u00e7\u00e3o da Ajuda Noturna: Convers\u00e3o da ajuda de custo noturna para vale-transporte custeado parcialmente pelo trabalhador, com desconto limitado a 6% do sal\u00e1rio-base.<\/li>\n<\/ul>\n<p class=\"p1\">Esses avan\u00e7os s\u00e3o fruto de uma negocia\u00e7\u00e3o intensa e refletem o compromisso do SINDIGRU em buscar condi\u00e7\u00f5es que valorizem os aerovi\u00e1rios e assegurem direitos essenciais para a categoria.<\/p>\n<p><a href=\"https:\/\/modelo.criativeweb.com.br\/sindigru\/wp-content\/uploads\/2026\/05\/proposta-LATAM.pdf\" target=\"_blank\" rel=\"noopener\">Confira aqui o documento na \u00edntegra<\/a><\/p>\n<p class=\"p1\"><b>Assembleia Online: Participe e decida<\/b><\/p>\n<p class=\"p3\">A decis\u00e3o sobre a proposta ser\u00e1 tomada em assembleia online, que ocorrer\u00e1 das 9h do dia 21 de novembro at\u00e9 as 17h do dia 22 de novembro. Todos os trabalhadores e trabalhadoras da LATAM poder\u00e3o participar e opinar, mas, conforme o estatuto do sindicato, apenas os votos dos trabalhadores sindicalizados ser\u00e3o contabilizados.<\/p>\n<p class=\"p1\"><b>Import\u00e2ncia de se associar ao sindicato<\/b><\/p>\n<p class=\"p3\">A regra do estatuto que limita a contagem de votos aos sindicalizados refor\u00e7a a import\u00e2ncia de ser associado ao sindicato. A associa\u00e7\u00e3o \u00e9 uma maneira de fortalecer a representatividade do sindicato e permite que o SINDIGRU atue com mais for\u00e7a nas negocia\u00e7\u00f5es coletivas, sempre em prol dos direitos e avan\u00e7os para a categoria. Se voc\u00ea ainda n\u00e3o \u00e9 sindicalizado, associe-se e contribua diretamente nas decis\u00f5es que impactam o seu futuro e o de todos os aerovi\u00e1rios.<\/p>\n<div class=\"gsp_post_data\" \r\n\t            data-post_type=\"post\" \r\n\t            data-cat=\"noticias\" \r\n\t            data-modified=\"120\"\r\n\t            data-created=\"1731579617\"\r\n\t            data-title=\"Proposta na LATAM traz avan\u00e7os para a categoria; vota\u00e7\u00e3o ser\u00e1 em assembleia online\" \r\n\t            data-home=\"https:\/\/modelo.criativeweb.com.br\/sindigru\"><\/div>","protected":false},"excerpt":{"rendered":"<p>Negocia\u00e7\u00f5es asseguram melhorias nos pisos salariais, aux\u00edlio-creche, vale-alimenta\u00e7\u00e3o e sa\u00fade para os trabalhadores da LATAM<\/p>\n","protected":false},"author":10,"featured_media":18624,"comment_status":"open","ping_status":"open","sticky":false,"template":"","format":"standard","meta":{"site-sidebar-layout":"default","site-content-layout":"","ast-site-content-layout":"default","site-content-style":"default","site-sidebar-style":"default","ast-global-header-display":"","ast-banner-title-visibility":"","ast-main-header-display":"","ast-hfb-above-header-display":"","ast-hfb-below-header-display":"","ast-hfb-mobile-header-display":"","site-post-title":"","ast-breadcrumbs-content":"","ast-featured-img":"","footer-sml-layout":"","ast-disable-related-posts":"","theme-transparent-header-meta":"","adv-header-id-meta":"","stick-header-meta":"","header-above-stick-meta":"","header-main-stick-meta":"","header-below-stick-meta":"","astra-migrate-meta-layouts":"default","ast-page-background-enabled":"default","ast-page-background-meta":{"desktop":{"background-color":"var(--ast-global-color-5)","background-image":"","background-repeat":"repeat","background-position":"center center","background-size":"auto","background-attachment":"scroll","background-type":"","background-media":"","overlay-type":"","overlay-color":"","overlay-opacity":"","overlay-gradient":""},"tablet":{"background-color":"","background-image":"","background-repeat":"repeat","background-position":"center center","background-size":"auto","background-attachment":"scroll","background-type":"","background-media":"","overlay-type":"","overlay-color":"","overlay-opacity":"","overlay-gradient":""},"mobile":{"background-color":"","background-image":"","background-repeat":"repeat","background-position":"center center","background-size":"auto","background-attachment":"scroll","background-type":"","background-media":"","overlay-type":"","overlay-color":"","overlay-opacity":"","overlay-gradient":""}},"ast-content-background-meta":{"desktop":{"background-color":"var(--ast-global-color-4)","background-image":"","background-repeat":"repeat","background-position":"center center","background-size":"auto","background-attachment":"scroll","background-type":"","background-media":"","overlay-type":"","overlay-color":"","overlay-opacity":"","overlay-gradient":""},"tablet":{"background-color":"var(--ast-global-color-4)","background-image":"","background-repeat":"repeat","background-position":"center center","background-size":"auto","background-attachment":"scroll","background-type":"","background-media":"","overlay-type":"","overlay-color":"","overlay-opacity":"","overlay-gradient":""},"mobile":{"background-color":"var(--ast-global-color-4)","background-image":"","background-repeat":"repeat","background-position":"center center","background-size":"auto","background-attachment":"scroll","background-type":"","background-media":"","overlay-type":"","overlay-color":"","overlay-opacity":"","overlay-gradient":""}},"_joinchat":[],"footnotes":"","_links_to":"","_links_to_target":""},"categories":[3329],"tags":[],"class_list":["post-21747","post","type-post","status-publish","format-standard","has-post-thumbnail","hentry","category-noticias"],"yoast_head":"<!-- This site is optimized with the Yoast SEO plugin v27.5 - https:\/\/yoast.com\/product\/yoast-seo-wordpress\/ -->\n<title>Proposta na LATAM traz avan\u00e7os para a categoria; vota\u00e7\u00e3o ser\u00e1 em assembleia online - SINDIGRU<\/title>\n<meta name=\"robots\" content=\"index, follow, max-snippet:-1, max-image-preview:large, max-video-preview:-1\" \/>\n<link rel=\"canonical\" href=\"https:\/\/modelo.criativeweb.com.br\/sindigru\/proposta-na-latam-traz-avancos-para-a-categoria-votacao-sera-em-assembleia-online\/\" \/>\n<meta property=\"og:locale\" content=\"pt_BR\" \/>\n<meta property=\"og:type\" content=\"article\" \/>\n<meta property=\"og:title\" content=\"Proposta na LATAM traz avan\u00e7os para a categoria; vota\u00e7\u00e3o ser\u00e1 em assembleia online - SINDIGRU\" \/>\n<meta property=\"og:description\" content=\"Negocia\u00e7\u00f5es asseguram melhorias nos pisos salariais, aux\u00edlio-creche, vale-alimenta\u00e7\u00e3o e sa\u00fade para os trabalhadores da LATAM\" \/>\n<meta property=\"og:url\" content=\"https:\/\/modelo.criativeweb.com.br\/sindigru\/proposta-na-latam-traz-avancos-para-a-categoria-votacao-sera-em-assembleia-online\/\" \/>\n<meta property=\"og:site_name\" content=\"SINDIGRU\" \/>\n<meta property=\"article:publisher\" content=\"https:\/\/www.facebook.com\/sindigru\" \/>\n<meta property=\"article:published_time\" content=\"2024-11-14T13:20:17+00:00\" \/>\n<meta property=\"og:image\" content=\"https:\/\/modelo.criativeweb.com.br\/sindigru\/wp-content\/uploads\/2026\/05\/11-14-latam-propopsota.jpg\" \/>\n\t<meta property=\"og:image:width\" content=\"903\" \/>\n\t<meta property=\"og:image:height\" content=\"710\" \/>\n\t<meta property=\"og:image:type\" content=\"image\/jpeg\" \/>\n<meta name=\"author\" content=\"Roberto\" \/>\n<meta name=\"twitter:card\" content=\"summary_large_image\" \/>\n<meta name=\"twitter:creator\" content=\"@sindigru\" \/>\n<meta name=\"twitter:site\" content=\"@sindigru\" \/>\n<meta name=\"twitter:label1\" content=\"Escrito por\" \/>\n\t<meta name=\"twitter:data1\" content=\"Roberto\" \/>\n\t<meta name=\"twitter:label2\" content=\"Est. tempo de leitura\" \/>\n\t<meta name=\"twitter:data2\" content=\"4 minutos\" \/>\n<script type=\"application\/ld+json\" class=\"yoast-schema-graph\">{\"@context\":\"https:\\\/\\\/schema.org\",\"@graph\":[{\"@type\":\"Article\",\"@id\":\"https:\\\/\\\/modelo.criativeweb.com.br\\\/sindigru\\\/proposta-na-latam-traz-avancos-para-a-categoria-votacao-sera-em-assembleia-online\\\/#article\",\"isPartOf\":{\"@id\":\"https:\\\/\\\/modelo.criativeweb.com.br\\\/sindigru\\\/proposta-na-latam-traz-avancos-para-a-categoria-votacao-sera-em-assembleia-online\\\/\"},\"author\":{\"name\":\"Roberto\",\"@id\":\"https:\\\/\\\/modelo.criativeweb.com.br\\\/sindigru\\\/#\\\/schema\\\/person\\\/ebbf8e182b04c80b29fafd391ba2c71d\"},\"headline\":\"Proposta na LATAM traz avan\u00e7os para a categoria; vota\u00e7\u00e3o ser\u00e1 em assembleia online\",\"datePublished\":\"2024-11-14T13:20:17+00:00\",\"mainEntityOfPage\":{\"@id\":\"https:\\\/\\\/modelo.criativeweb.com.br\\\/sindigru\\\/proposta-na-latam-traz-avancos-para-a-categoria-votacao-sera-em-assembleia-online\\\/\"},\"wordCount\":663,\"commentCount\":0,\"publisher\":{\"@id\":\"https:\\\/\\\/modelo.criativeweb.com.br\\\/sindigru\\\/#organization\"},\"image\":{\"@id\":\"https:\\\/\\\/modelo.criativeweb.com.br\\\/sindigru\\\/proposta-na-latam-traz-avancos-para-a-categoria-votacao-sera-em-assembleia-online\\\/#primaryimage\"},\"thumbnailUrl\":\"https:\\\/\\\/modelo.criativeweb.com.br\\\/sindigru\\\/wp-content\\\/uploads\\\/2026\\\/05\\\/11-14-latam-propopsota.jpg\",\"articleSection\":[\"Not\u00edcias\"],\"inLanguage\":\"pt-BR\",\"potentialAction\":[{\"@type\":\"CommentAction\",\"name\":\"Comment\",\"target\":[\"https:\\\/\\\/modelo.criativeweb.com.br\\\/sindigru\\\/proposta-na-latam-traz-avancos-para-a-categoria-votacao-sera-em-assembleia-online\\\/#respond\"]}]},{\"@type\":\"WebPage\",\"@id\":\"https:\\\/\\\/modelo.criativeweb.com.br\\\/sindigru\\\/proposta-na-latam-traz-avancos-para-a-categoria-votacao-sera-em-assembleia-online\\\/\",\"url\":\"https:\\\/\\\/modelo.criativeweb.com.br\\\/sindigru\\\/proposta-na-latam-traz-avancos-para-a-categoria-votacao-sera-em-assembleia-online\\\/\",\"name\":\"Proposta na LATAM traz avan\u00e7os para a categoria; vota\u00e7\u00e3o ser\u00e1 em assembleia online - SINDIGRU\",\"isPartOf\":{\"@id\":\"https:\\\/\\\/modelo.criativeweb.com.br\\\/sindigru\\\/#website\"},\"primaryImageOfPage\":{\"@id\":\"https:\\\/\\\/modelo.criativeweb.com.br\\\/sindigru\\\/proposta-na-latam-traz-avancos-para-a-categoria-votacao-sera-em-assembleia-online\\\/#primaryimage\"},\"image\":{\"@id\":\"https:\\\/\\\/modelo.criativeweb.com.br\\\/sindigru\\\/proposta-na-latam-traz-avancos-para-a-categoria-votacao-sera-em-assembleia-online\\\/#primaryimage\"},\"thumbnailUrl\":\"https:\\\/\\\/modelo.criativeweb.com.br\\\/sindigru\\\/wp-content\\\/uploads\\\/2026\\\/05\\\/11-14-latam-propopsota.jpg\",\"datePublished\":\"2024-11-14T13:20:17+00:00\",\"breadcrumb\":{\"@id\":\"https:\\\/\\\/modelo.criativeweb.com.br\\\/sindigru\\\/proposta-na-latam-traz-avancos-para-a-categoria-votacao-sera-em-assembleia-online\\\/#breadcrumb\"},\"inLanguage\":\"pt-BR\",\"potentialAction\":[{\"@type\":\"ReadAction\",\"target\":[\"https:\\\/\\\/modelo.criativeweb.com.br\\\/sindigru\\\/proposta-na-latam-traz-avancos-para-a-categoria-votacao-sera-em-assembleia-online\\\/\"]}]},{\"@type\":\"ImageObject\",\"inLanguage\":\"pt-BR\",\"@id\":\"https:\\\/\\\/modelo.criativeweb.com.br\\\/sindigru\\\/proposta-na-latam-traz-avancos-para-a-categoria-votacao-sera-em-assembleia-online\\\/#primaryimage\",\"url\":\"https:\\\/\\\/modelo.criativeweb.com.br\\\/sindigru\\\/wp-content\\\/uploads\\\/2026\\\/05\\\/11-14-latam-propopsota.jpg\",\"contentUrl\":\"https:\\\/\\\/modelo.criativeweb.com.br\\\/sindigru\\\/wp-content\\\/uploads\\\/2026\\\/05\\\/11-14-latam-propopsota.jpg\",\"width\":903,\"height\":710},{\"@type\":\"BreadcrumbList\",\"@id\":\"https:\\\/\\\/modelo.criativeweb.com.br\\\/sindigru\\\/proposta-na-latam-traz-avancos-para-a-categoria-votacao-sera-em-assembleia-online\\\/#breadcrumb\",\"itemListElement\":[{\"@type\":\"ListItem\",\"position\":1,\"name\":\"In\u00edcio\",\"item\":\"https:\\\/\\\/modelo.criativeweb.com.br\\\/sindigru\\\/\"},{\"@type\":\"ListItem\",\"position\":2,\"name\":\"Proposta na LATAM traz avan\u00e7os para a categoria; vota\u00e7\u00e3o ser\u00e1 em assembleia online\"}]},{\"@type\":\"WebSite\",\"@id\":\"https:\\\/\\\/modelo.criativeweb.com.br\\\/sindigru\\\/#website\",\"url\":\"https:\\\/\\\/modelo.criativeweb.com.br\\\/sindigru\\\/\",\"name\":\"SINDIGRU\",\"description\":\"Sindicato dos Aerovi\u00e1rios de Guarulhos.\",\"publisher\":{\"@id\":\"https:\\\/\\\/modelo.criativeweb.com.br\\\/sindigru\\\/#organization\"},\"potentialAction\":[{\"@type\":\"SearchAction\",\"target\":{\"@type\":\"EntryPoint\",\"urlTemplate\":\"https:\\\/\\\/modelo.criativeweb.com.br\\\/sindigru\\\/?s={search_term_string}\"},\"query-input\":{\"@type\":\"PropertyValueSpecification\",\"valueRequired\":true,\"valueName\":\"search_term_string\"}}],\"inLanguage\":\"pt-BR\"},{\"@type\":\"Organization\",\"@id\":\"https:\\\/\\\/modelo.criativeweb.com.br\\\/sindigru\\\/#organization\",\"name\":\"Sindigru\",\"url\":\"https:\\\/\\\/modelo.criativeweb.com.br\\\/sindigru\\\/\",\"logo\":{\"@type\":\"ImageObject\",\"inLanguage\":\"pt-BR\",\"@id\":\"https:\\\/\\\/modelo.criativeweb.com.br\\\/sindigru\\\/#\\\/schema\\\/logo\\\/image\\\/\",\"url\":\"\",\"contentUrl\":\"\",\"caption\":\"Sindigru\"},\"image\":{\"@id\":\"https:\\\/\\\/modelo.criativeweb.com.br\\\/sindigru\\\/#\\\/schema\\\/logo\\\/image\\\/\"},\"sameAs\":[\"https:\\\/\\\/www.facebook.com\\\/sindigru\",\"https:\\\/\\\/x.com\\\/sindigru\",\"https:\\\/\\\/www.youtube.com\\\/c\\\/SINDIGRU-CUT\",\"https:\\\/\\\/instagram.com\\\/sindigru\"]},{\"@type\":\"Person\",\"@id\":\"https:\\\/\\\/modelo.criativeweb.com.br\\\/sindigru\\\/#\\\/schema\\\/person\\\/ebbf8e182b04c80b29fafd391ba2c71d\",\"name\":\"Roberto\",\"image\":{\"@type\":\"ImageObject\",\"inLanguage\":\"pt-BR\",\"@id\":\"https:\\\/\\\/secure.gravatar.com\\\/avatar\\\/fae9cbedfe570656231ad990f3aa947c7a9b5e6fa73065d842851f30b12ae6b4?s=96&d=mm&r=g\",\"url\":\"https:\\\/\\\/secure.gravatar.com\\\/avatar\\\/fae9cbedfe570656231ad990f3aa947c7a9b5e6fa73065d842851f30b12ae6b4?s=96&d=mm&r=g\",\"contentUrl\":\"https:\\\/\\\/secure.gravatar.com\\\/avatar\\\/fae9cbedfe570656231ad990f3aa947c7a9b5e6fa73065d842851f30b12ae6b4?s=96&d=mm&r=g\",\"caption\":\"Roberto\"}}]}<\/script>\n<!-- \/ Yoast SEO plugin. -->","yoast_head_json":{"title":"Proposta na LATAM traz avan\u00e7os para a categoria; vota\u00e7\u00e3o ser\u00e1 em assembleia online - SINDIGRU","robots":{"index":"index","follow":"follow","max-snippet":"max-snippet:-1","max-image-preview":"max-image-preview:large","max-video-preview":"max-video-preview:-1"},"canonical":"https:\/\/modelo.criativeweb.com.br\/sindigru\/proposta-na-latam-traz-avancos-para-a-categoria-votacao-sera-em-assembleia-online\/","og_locale":"pt_BR","og_type":"article","og_title":"Proposta na LATAM traz avan\u00e7os para a categoria; vota\u00e7\u00e3o ser\u00e1 em assembleia online - SINDIGRU","og_description":"Negocia\u00e7\u00f5es asseguram melhorias nos pisos salariais, aux\u00edlio-creche, vale-alimenta\u00e7\u00e3o e sa\u00fade para os trabalhadores da LATAM","og_url":"https:\/\/modelo.criativeweb.com.br\/sindigru\/proposta-na-latam-traz-avancos-para-a-categoria-votacao-sera-em-assembleia-online\/","og_site_name":"SINDIGRU","article_publisher":"https:\/\/www.facebook.com\/sindigru","article_published_time":"2024-11-14T13:20:17+00:00","og_image":[{"width":903,"height":710,"url":"https:\/\/modelo.criativeweb.com.br\/sindigru\/wp-content\/uploads\/2026\/05\/11-14-latam-propopsota.jpg","type":"image\/jpeg"}],"author":"Roberto","twitter_card":"summary_large_image","twitter_creator":"@sindigru","twitter_site":"@sindigru","twitter_misc":{"Escrito por":"Roberto","Est. tempo de leitura":"4 minutos"},"schema":{"@context":"https:\/\/schema.org","@graph":[{"@type":"Article","@id":"https:\/\/modelo.criativeweb.com.br\/sindigru\/proposta-na-latam-traz-avancos-para-a-categoria-votacao-sera-em-assembleia-online\/#article","isPartOf":{"@id":"https:\/\/modelo.criativeweb.com.br\/sindigru\/proposta-na-latam-traz-avancos-para-a-categoria-votacao-sera-em-assembleia-online\/"},"author":{"name":"Roberto","@id":"https:\/\/modelo.criativeweb.com.br\/sindigru\/#\/schema\/person\/ebbf8e182b04c80b29fafd391ba2c71d"},"headline":"Proposta na LATAM traz avan\u00e7os para a categoria; vota\u00e7\u00e3o ser\u00e1 em assembleia online","datePublished":"2024-11-14T13:20:17+00:00","mainEntityOfPage":{"@id":"https:\/\/modelo.criativeweb.com.br\/sindigru\/proposta-na-latam-traz-avancos-para-a-categoria-votacao-sera-em-assembleia-online\/"},"wordCount":663,"commentCount":0,"publisher":{"@id":"https:\/\/modelo.criativeweb.com.br\/sindigru\/#organization"},"image":{"@id":"https:\/\/modelo.criativeweb.com.br\/sindigru\/proposta-na-latam-traz-avancos-para-a-categoria-votacao-sera-em-assembleia-online\/#primaryimage"},"thumbnailUrl":"https:\/\/modelo.criativeweb.com.br\/sindigru\/wp-content\/uploads\/2026\/05\/11-14-latam-propopsota.jpg","articleSection":["Not\u00edcias"],"inLanguage":"pt-BR","potentialAction":[{"@type":"CommentAction","name":"Comment","target":["https:\/\/modelo.criativeweb.com.br\/sindigru\/proposta-na-latam-traz-avancos-para-a-categoria-votacao-sera-em-assembleia-online\/#respond"]}]},{"@type":"WebPage","@id":"https:\/\/modelo.criativeweb.com.br\/sindigru\/proposta-na-latam-traz-avancos-para-a-categoria-votacao-sera-em-assembleia-online\/","url":"https:\/\/modelo.criativeweb.com.br\/sindigru\/proposta-na-latam-traz-avancos-para-a-categoria-votacao-sera-em-assembleia-online\/","name":"Proposta na LATAM traz avan\u00e7os para a categoria; vota\u00e7\u00e3o ser\u00e1 em assembleia online - SINDIGRU","isPartOf":{"@id":"https:\/\/modelo.criativeweb.com.br\/sindigru\/#website"},"primaryImageOfPage":{"@id":"https:\/\/modelo.criativeweb.com.br\/sindigru\/proposta-na-latam-traz-avancos-para-a-categoria-votacao-sera-em-assembleia-online\/#primaryimage"},"image":{"@id":"https:\/\/modelo.criativeweb.com.br\/sindigru\/proposta-na-latam-traz-avancos-para-a-categoria-votacao-sera-em-assembleia-online\/#primaryimage"},"thumbnailUrl":"https:\/\/modelo.criativeweb.com.br\/sindigru\/wp-content\/uploads\/2026\/05\/11-14-latam-propopsota.jpg","datePublished":"2024-11-14T13:20:17+00:00","breadcrumb":{"@id":"https:\/\/modelo.criativeweb.com.br\/sindigru\/proposta-na-latam-traz-avancos-para-a-categoria-votacao-sera-em-assembleia-online\/#breadcrumb"},"inLanguage":"pt-BR","potentialAction":[{"@type":"ReadAction","target":["https:\/\/modelo.criativeweb.com.br\/sindigru\/proposta-na-latam-traz-avancos-para-a-categoria-votacao-sera-em-assembleia-online\/"]}]},{"@type":"ImageObject","inLanguage":"pt-BR","@id":"https:\/\/modelo.criativeweb.com.br\/sindigru\/proposta-na-latam-traz-avancos-para-a-categoria-votacao-sera-em-assembleia-online\/#primaryimage","url":"https:\/\/modelo.criativeweb.com.br\/sindigru\/wp-content\/uploads\/2026\/05\/11-14-latam-propopsota.jpg","contentUrl":"https:\/\/modelo.criativeweb.com.br\/sindigru\/wp-content\/uploads\/2026\/05\/11-14-latam-propopsota.jpg","width":903,"height":710},{"@type":"BreadcrumbList","@id":"https:\/\/modelo.criativeweb.com.br\/sindigru\/proposta-na-latam-traz-avancos-para-a-categoria-votacao-sera-em-assembleia-online\/#breadcrumb","itemListElement":[{"@type":"ListItem","position":1,"name":"In\u00edcio","item":"https:\/\/modelo.criativeweb.com.br\/sindigru\/"},{"@type":"ListItem","position":2,"name":"Proposta na LATAM traz avan\u00e7os para a categoria; vota\u00e7\u00e3o ser\u00e1 em assembleia online"}]},{"@type":"WebSite","@id":"https:\/\/modelo.criativeweb.com.br\/sindigru\/#website","url":"https:\/\/modelo.criativeweb.com.br\/sindigru\/","name":"SINDIGRU","description":"Sindicato dos Aerovi\u00e1rios de Guarulhos.","publisher":{"@id":"https:\/\/modelo.criativeweb.com.br\/sindigru\/#organization"},"potentialAction":[{"@type":"SearchAction","target":{"@type":"EntryPoint","urlTemplate":"https:\/\/modelo.criativeweb.com.br\/sindigru\/?s={search_term_string}"},"query-input":{"@type":"PropertyValueSpecification","valueRequired":true,"valueName":"search_term_string"}}],"inLanguage":"pt-BR"},{"@type":"Organization","@id":"https:\/\/modelo.criativeweb.com.br\/sindigru\/#organization","name":"Sindigru","url":"https:\/\/modelo.criativeweb.com.br\/sindigru\/","logo":{"@type":"ImageObject","inLanguage":"pt-BR","@id":"https:\/\/modelo.criativeweb.com.br\/sindigru\/#\/schema\/logo\/image\/","url":"","contentUrl":"","caption":"Sindigru"},"image":{"@id":"https:\/\/modelo.criativeweb.com.br\/sindigru\/#\/schema\/logo\/image\/"},"sameAs":["https:\/\/www.facebook.com\/sindigru","https:\/\/x.com\/sindigru","https:\/\/www.youtube.com\/c\/SINDIGRU-CUT","https:\/\/instagram.com\/sindigru"]},{"@type":"Person","@id":"https:\/\/modelo.criativeweb.com.br\/sindigru\/#\/schema\/person\/ebbf8e182b04c80b29fafd391ba2c71d","name":"Roberto","image":{"@type":"ImageObject","inLanguage":"pt-BR","@id":"https:\/\/secure.gravatar.com\/avatar\/fae9cbedfe570656231ad990f3aa947c7a9b5e6fa73065d842851f30b12ae6b4?s=96&d=mm&r=g","url":"https:\/\/secure.gravatar.com\/avatar\/fae9cbedfe570656231ad990f3aa947c7a9b5e6fa73065d842851f30b12ae6b4?s=96&d=mm&r=g","contentUrl":"https:\/\/secure.gravatar.com\/avatar\/fae9cbedfe570656231ad990f3aa947c7a9b5e6fa73065d842851f30b12ae6b4?s=96&d=mm&r=g","caption":"Roberto"}}]}},"_links":{"self":[{"href":"https:\/\/modelo.criativeweb.com.br\/sindigru\/wp-json\/wp\/v2\/posts\/21747","targetHints":{"allow":["GET"]}}],"collection":[{"href":"https:\/\/modelo.criativeweb.com.br\/sindigru\/wp-json\/wp\/v2\/posts"}],"about":[{"href":"https:\/\/modelo.criativeweb.com.br\/sindigru\/wp-json\/wp\/v2\/types\/post"}],"author":[{"embeddable":true,"href":"https:\/\/modelo.criativeweb.com.br\/sindigru\/wp-json\/wp\/v2\/users\/10"}],"replies":[{"embeddable":true,"href":"https:\/\/modelo.criativeweb.com.br\/sindigru\/wp-json\/wp\/v2\/comments?post=21747"}],"version-history":[{"count":0,"href":"https:\/\/modelo.criativeweb.com.br\/sindigru\/wp-json\/wp\/v2\/posts\/21747\/revisions"}],"wp:featuredmedia":[{"embeddable":true,"href":"https:\/\/modelo.criativeweb.com.br\/sindigru\/wp-json\/wp\/v2\/media\/18624"}],"wp:attachment":[{"href":"https:\/\/modelo.criativeweb.com.br\/sindigru\/wp-json\/wp\/v2\/media?parent=21747"}],"wp:term":[{"taxonomy":"category","embeddable":true,"href":"https:\/\/modelo.criativeweb.com.br\/sindigru\/wp-json\/wp\/v2\/categories?post=21747"},{"taxonomy":"post_tag","embeddable":true,"href":"https:\/\/modelo.criativeweb.com.br\/sindigru\/wp-json\/wp\/v2\/tags?post=21747"}],"curies":[{"name":"wp","href":"https:\/\/api.w.org\/{rel}","templated":true}]}}