{"id":21729,"date":"2024-09-09T09:00:38","date_gmt":"2024-09-09T12:00:38","guid":{"rendered":"https:\/\/modelo.criativeweb.com.br\/sindigru\/edital-de-convocacao-de-assembleia-extraordinaria\/"},"modified":"2024-09-09T09:00:38","modified_gmt":"2024-09-09T12:00:38","slug":"edital-de-convocacao-de-assembleia-extraordinaria","status":"publish","type":"post","link":"https:\/\/modelo.criativeweb.com.br\/sindigru\/edital-de-convocacao-de-assembleia-extraordinaria\/","title":{"rendered":"Edital de convoca\u00e7\u00e3o de assembleia extraordin\u00e1ria"},"content":{"rendered":"<p>Edital de convoca\u00e7\u00e3o de assembleia extraordin\u00e1ria<\/p>\n<p>O Sindicato dos Aerovi\u00e1rios de Guarulhos, inscrito no CNPJ n\u00b0 58.481.367\/0001-54 por seu presidente Rodrigo Maciel Silva convoca todos os aerovi\u00e1rios empregados das Cia a\u00e9reas neste aeroporto, para abertura do processo eleitoral para delegado sindical a ser realizada no dia 11 de setembro de 2024, cujo mandato coincidira com o da diretoria conforme art. 54 do estatuto, da clausula 61 da conven\u00e7\u00e3o coletiva de trabalho e da cl\u00e1usula 66 do acordo coletivo de trabalho com empresa LATAM.<\/p>\n<p>Inscri\u00e7\u00f5es<\/p>\n<p>Dias 9 e 10 de setembro de 2024 na secretaria do sindicato em sua sede.<\/p>\n<p>Os votos ser\u00e3o coletados atrav\u00e9s de lista de presen\u00e7a da assembleia na subsede piso t\u00e9rreo interse\u00e7\u00e3o terminal 2 e itinerante no aeroporto internacional de Guarulhos.<\/p>\n<p>Guarulhos, 06 de setembro de 2024.<\/p>\n<p>Rodrigo Maciel Silva<br \/>\nPresidente<\/p>\n<div class=\"gsp_post_data\" \r\n\t            data-post_type=\"post\" \r\n\t            data-cat=\"noticias\" \r\n\t            data-modified=\"120\"\r\n\t            data-created=\"1725872438\"\r\n\t            data-title=\"Edital de convoca\u00e7\u00e3o de assembleia extraordin\u00e1ria\" \r\n\t            data-home=\"https:\/\/modelo.criativeweb.com.br\/sindigru\"><\/div>","protected":false},"excerpt":{"rendered":"<p>Espec\u00edfica para elei\u00e7\u00e3o de delegado Sindical dos Aerovi\u00e1rios do Aeroporto de Guarulhos<\/p>\n","protected":false},"author":10,"featured_media":18585,"comment_status":"open","ping_status":"open","sticky":false,"template":"","format":"standard","meta":{"site-sidebar-layout":"default","site-content-layout":"","ast-site-content-layout":"default","site-content-style":"default","site-sidebar-style":"default","ast-global-header-display":"","ast-banner-title-visibility":"","ast-main-header-display":"","ast-hfb-above-header-display":"","ast-hfb-below-header-display":"","ast-hfb-mobile-header-display":"","site-post-title":"","ast-breadcrumbs-content":"","ast-featured-img":"","footer-sml-layout":"","ast-disable-related-posts":"","theme-transparent-header-meta":"","adv-header-id-meta":"","stick-header-meta":"","header-above-stick-meta":"","header-main-stick-meta":"","header-below-stick-meta":"","astra-migrate-meta-layouts":"default","ast-page-background-enabled":"default","ast-page-background-meta":{"desktop":{"background-color":"var(--ast-global-color-5)","background-image":"","background-repeat":"repeat","background-position":"center center","background-size":"auto","background-attachment":"scroll","background-type":"","background-media":"","overlay-type":"","overlay-color":"","overlay-opacity":"","overlay-gradient":""},"tablet":{"background-color":"","background-image":"","background-repeat":"repeat","background-position":"center center","background-size":"auto","background-attachment":"scroll","background-type":"","background-media":"","overlay-type":"","overlay-color":"","overlay-opacity":"","overlay-gradient":""},"mobile":{"background-color":"","background-image":"","background-repeat":"repeat","background-position":"center center","background-size":"auto","background-attachment":"scroll","background-type":"","background-media":"","overlay-type":"","overlay-color":"","overlay-opacity":"","overlay-gradient":""}},"ast-content-background-meta":{"desktop":{"background-color":"var(--ast-global-color-4)","background-image":"","background-repeat":"repeat","background-position":"center center","background-size":"auto","background-attachment":"scroll","background-type":"","background-media":"","overlay-type":"","overlay-color":"","overlay-opacity":"","overlay-gradient":""},"tablet":{"background-color":"var(--ast-global-color-4)","background-image":"","background-repeat":"repeat","background-position":"center center","background-size":"auto","background-attachment":"scroll","background-type":"","background-media":"","overlay-type":"","overlay-color":"","overlay-opacity":"","overlay-gradient":""},"mobile":{"background-color":"var(--ast-global-color-4)","background-image":"","background-repeat":"repeat","background-position":"center center","background-size":"auto","background-attachment":"scroll","background-type":"","background-media":"","overlay-type":"","overlay-color":"","overlay-opacity":"","overlay-gradient":""}},"_joinchat":[],"footnotes":"","_links_to":"","_links_to_target":""},"categories":[3329],"tags":[],"class_list":["post-21729","post","type-post","status-publish","format-standard","has-post-thumbnail","hentry","category-noticias"],"yoast_head":"<!-- This site is optimized with the Yoast SEO plugin v27.5 - https:\/\/yoast.com\/product\/yoast-seo-wordpress\/ -->\n<title>Edital de convoca\u00e7\u00e3o de assembleia extraordin\u00e1ria - SINDIGRU<\/title>\n<meta name=\"robots\" content=\"index, follow, max-snippet:-1, max-image-preview:large, max-video-preview:-1\" \/>\n<link rel=\"canonical\" href=\"https:\/\/modelo.criativeweb.com.br\/sindigru\/edital-de-convocacao-de-assembleia-extraordinaria\/\" \/>\n<meta property=\"og:locale\" content=\"pt_BR\" \/>\n<meta property=\"og:type\" content=\"article\" \/>\n<meta property=\"og:title\" content=\"Edital de convoca\u00e7\u00e3o de assembleia extraordin\u00e1ria - SINDIGRU\" \/>\n<meta property=\"og:description\" content=\"Espec\u00edfica para elei\u00e7\u00e3o de delegado Sindical dos Aerovi\u00e1rios do Aeroporto de Guarulhos\" \/>\n<meta property=\"og:url\" content=\"https:\/\/modelo.criativeweb.com.br\/sindigru\/edital-de-convocacao-de-assembleia-extraordinaria\/\" \/>\n<meta property=\"og:site_name\" content=\"SINDIGRU\" \/>\n<meta property=\"article:publisher\" content=\"https:\/\/www.facebook.com\/sindigru\" \/>\n<meta property=\"article:published_time\" content=\"2024-09-09T12:00:38+00:00\" \/>\n<meta property=\"og:image\" content=\"https:\/\/modelo.criativeweb.com.br\/sindigru\/wp-content\/uploads\/2026\/05\/09-03-edital.jpg\" \/>\n\t<meta property=\"og:image:width\" content=\"903\" \/>\n\t<meta property=\"og:image:height\" content=\"710\" \/>\n\t<meta property=\"og:image:type\" content=\"image\/jpeg\" \/>\n<meta name=\"author\" content=\"Roberto\" \/>\n<meta name=\"twitter:card\" content=\"summary_large_image\" \/>\n<meta name=\"twitter:creator\" content=\"@sindigru\" \/>\n<meta name=\"twitter:site\" content=\"@sindigru\" \/>\n<meta name=\"twitter:label1\" content=\"Escrito por\" \/>\n\t<meta name=\"twitter:data1\" content=\"Roberto\" \/>\n\t<meta name=\"twitter:label2\" content=\"Est. tempo de leitura\" \/>\n\t<meta name=\"twitter:data2\" content=\"1 minuto\" \/>\n<script type=\"application\/ld+json\" class=\"yoast-schema-graph\">{\"@context\":\"https:\\\/\\\/schema.org\",\"@graph\":[{\"@type\":\"Article\",\"@id\":\"https:\\\/\\\/modelo.criativeweb.com.br\\\/sindigru\\\/edital-de-convocacao-de-assembleia-extraordinaria\\\/#article\",\"isPartOf\":{\"@id\":\"https:\\\/\\\/modelo.criativeweb.com.br\\\/sindigru\\\/edital-de-convocacao-de-assembleia-extraordinaria\\\/\"},\"author\":{\"name\":\"Roberto\",\"@id\":\"https:\\\/\\\/modelo.criativeweb.com.br\\\/sindigru\\\/#\\\/schema\\\/person\\\/ebbf8e182b04c80b29fafd391ba2c71d\"},\"headline\":\"Edital de convoca\u00e7\u00e3o de assembleia extraordin\u00e1ria\",\"datePublished\":\"2024-09-09T12:00:38+00:00\",\"mainEntityOfPage\":{\"@id\":\"https:\\\/\\\/modelo.criativeweb.com.br\\\/sindigru\\\/edital-de-convocacao-de-assembleia-extraordinaria\\\/\"},\"wordCount\":144,\"commentCount\":0,\"publisher\":{\"@id\":\"https:\\\/\\\/modelo.criativeweb.com.br\\\/sindigru\\\/#organization\"},\"image\":{\"@id\":\"https:\\\/\\\/modelo.criativeweb.com.br\\\/sindigru\\\/edital-de-convocacao-de-assembleia-extraordinaria\\\/#primaryimage\"},\"thumbnailUrl\":\"https:\\\/\\\/modelo.criativeweb.com.br\\\/sindigru\\\/wp-content\\\/uploads\\\/2026\\\/05\\\/09-03-edital.jpg\",\"articleSection\":[\"Not\u00edcias\"],\"inLanguage\":\"pt-BR\",\"potentialAction\":[{\"@type\":\"CommentAction\",\"name\":\"Comment\",\"target\":[\"https:\\\/\\\/modelo.criativeweb.com.br\\\/sindigru\\\/edital-de-convocacao-de-assembleia-extraordinaria\\\/#respond\"]}]},{\"@type\":\"WebPage\",\"@id\":\"https:\\\/\\\/modelo.criativeweb.com.br\\\/sindigru\\\/edital-de-convocacao-de-assembleia-extraordinaria\\\/\",\"url\":\"https:\\\/\\\/modelo.criativeweb.com.br\\\/sindigru\\\/edital-de-convocacao-de-assembleia-extraordinaria\\\/\",\"name\":\"Edital de convoca\u00e7\u00e3o de assembleia extraordin\u00e1ria - SINDIGRU\",\"isPartOf\":{\"@id\":\"https:\\\/\\\/modelo.criativeweb.com.br\\\/sindigru\\\/#website\"},\"primaryImageOfPage\":{\"@id\":\"https:\\\/\\\/modelo.criativeweb.com.br\\\/sindigru\\\/edital-de-convocacao-de-assembleia-extraordinaria\\\/#primaryimage\"},\"image\":{\"@id\":\"https:\\\/\\\/modelo.criativeweb.com.br\\\/sindigru\\\/edital-de-convocacao-de-assembleia-extraordinaria\\\/#primaryimage\"},\"thumbnailUrl\":\"https:\\\/\\\/modelo.criativeweb.com.br\\\/sindigru\\\/wp-content\\\/uploads\\\/2026\\\/05\\\/09-03-edital.jpg\",\"datePublished\":\"2024-09-09T12:00:38+00:00\",\"breadcrumb\":{\"@id\":\"https:\\\/\\\/modelo.criativeweb.com.br\\\/sindigru\\\/edital-de-convocacao-de-assembleia-extraordinaria\\\/#breadcrumb\"},\"inLanguage\":\"pt-BR\",\"potentialAction\":[{\"@type\":\"ReadAction\",\"target\":[\"https:\\\/\\\/modelo.criativeweb.com.br\\\/sindigru\\\/edital-de-convocacao-de-assembleia-extraordinaria\\\/\"]}]},{\"@type\":\"ImageObject\",\"inLanguage\":\"pt-BR\",\"@id\":\"https:\\\/\\\/modelo.criativeweb.com.br\\\/sindigru\\\/edital-de-convocacao-de-assembleia-extraordinaria\\\/#primaryimage\",\"url\":\"https:\\\/\\\/modelo.criativeweb.com.br\\\/sindigru\\\/wp-content\\\/uploads\\\/2026\\\/05\\\/09-03-edital.jpg\",\"contentUrl\":\"https:\\\/\\\/modelo.criativeweb.com.br\\\/sindigru\\\/wp-content\\\/uploads\\\/2026\\\/05\\\/09-03-edital.jpg\",\"width\":903,\"height\":710},{\"@type\":\"BreadcrumbList\",\"@id\":\"https:\\\/\\\/modelo.criativeweb.com.br\\\/sindigru\\\/edital-de-convocacao-de-assembleia-extraordinaria\\\/#breadcrumb\",\"itemListElement\":[{\"@type\":\"ListItem\",\"position\":1,\"name\":\"In\u00edcio\",\"item\":\"https:\\\/\\\/modelo.criativeweb.com.br\\\/sindigru\\\/\"},{\"@type\":\"ListItem\",\"position\":2,\"name\":\"Edital de convoca\u00e7\u00e3o de assembleia extraordin\u00e1ria\"}]},{\"@type\":\"WebSite\",\"@id\":\"https:\\\/\\\/modelo.criativeweb.com.br\\\/sindigru\\\/#website\",\"url\":\"https:\\\/\\\/modelo.criativeweb.com.br\\\/sindigru\\\/\",\"name\":\"SINDIGRU\",\"description\":\"Sindicato dos Aerovi\u00e1rios de Guarulhos.\",\"publisher\":{\"@id\":\"https:\\\/\\\/modelo.criativeweb.com.br\\\/sindigru\\\/#organization\"},\"potentialAction\":[{\"@type\":\"SearchAction\",\"target\":{\"@type\":\"EntryPoint\",\"urlTemplate\":\"https:\\\/\\\/modelo.criativeweb.com.br\\\/sindigru\\\/?s={search_term_string}\"},\"query-input\":{\"@type\":\"PropertyValueSpecification\",\"valueRequired\":true,\"valueName\":\"search_term_string\"}}],\"inLanguage\":\"pt-BR\"},{\"@type\":\"Organization\",\"@id\":\"https:\\\/\\\/modelo.criativeweb.com.br\\\/sindigru\\\/#organization\",\"name\":\"Sindigru\",\"url\":\"https:\\\/\\\/modelo.criativeweb.com.br\\\/sindigru\\\/\",\"logo\":{\"@type\":\"ImageObject\",\"inLanguage\":\"pt-BR\",\"@id\":\"https:\\\/\\\/modelo.criativeweb.com.br\\\/sindigru\\\/#\\\/schema\\\/logo\\\/image\\\/\",\"url\":\"\",\"contentUrl\":\"\",\"caption\":\"Sindigru\"},\"image\":{\"@id\":\"https:\\\/\\\/modelo.criativeweb.com.br\\\/sindigru\\\/#\\\/schema\\\/logo\\\/image\\\/\"},\"sameAs\":[\"https:\\\/\\\/www.facebook.com\\\/sindigru\",\"https:\\\/\\\/x.com\\\/sindigru\",\"https:\\\/\\\/www.youtube.com\\\/c\\\/SINDIGRU-CUT\",\"https:\\\/\\\/instagram.com\\\/sindigru\"]},{\"@type\":\"Person\",\"@id\":\"https:\\\/\\\/modelo.criativeweb.com.br\\\/sindigru\\\/#\\\/schema\\\/person\\\/ebbf8e182b04c80b29fafd391ba2c71d\",\"name\":\"Roberto\",\"image\":{\"@type\":\"ImageObject\",\"inLanguage\":\"pt-BR\",\"@id\":\"https:\\\/\\\/secure.gravatar.com\\\/avatar\\\/fae9cbedfe570656231ad990f3aa947c7a9b5e6fa73065d842851f30b12ae6b4?s=96&d=mm&r=g\",\"url\":\"https:\\\/\\\/secure.gravatar.com\\\/avatar\\\/fae9cbedfe570656231ad990f3aa947c7a9b5e6fa73065d842851f30b12ae6b4?s=96&d=mm&r=g\",\"contentUrl\":\"https:\\\/\\\/secure.gravatar.com\\\/avatar\\\/fae9cbedfe570656231ad990f3aa947c7a9b5e6fa73065d842851f30b12ae6b4?s=96&d=mm&r=g\",\"caption\":\"Roberto\"}}]}<\/script>\n<!-- \/ Yoast SEO plugin. -->","yoast_head_json":{"title":"Edital de convoca\u00e7\u00e3o de assembleia extraordin\u00e1ria - SINDIGRU","robots":{"index":"index","follow":"follow","max-snippet":"max-snippet:-1","max-image-preview":"max-image-preview:large","max-video-preview":"max-video-preview:-1"},"canonical":"https:\/\/modelo.criativeweb.com.br\/sindigru\/edital-de-convocacao-de-assembleia-extraordinaria\/","og_locale":"pt_BR","og_type":"article","og_title":"Edital de convoca\u00e7\u00e3o de assembleia extraordin\u00e1ria - SINDIGRU","og_description":"Espec\u00edfica para elei\u00e7\u00e3o de delegado Sindical dos Aerovi\u00e1rios do Aeroporto de Guarulhos","og_url":"https:\/\/modelo.criativeweb.com.br\/sindigru\/edital-de-convocacao-de-assembleia-extraordinaria\/","og_site_name":"SINDIGRU","article_publisher":"https:\/\/www.facebook.com\/sindigru","article_published_time":"2024-09-09T12:00:38+00:00","og_image":[{"width":903,"height":710,"url":"https:\/\/modelo.criativeweb.com.br\/sindigru\/wp-content\/uploads\/2026\/05\/09-03-edital.jpg","type":"image\/jpeg"}],"author":"Roberto","twitter_card":"summary_large_image","twitter_creator":"@sindigru","twitter_site":"@sindigru","twitter_misc":{"Escrito por":"Roberto","Est. tempo de leitura":"1 minuto"},"schema":{"@context":"https:\/\/schema.org","@graph":[{"@type":"Article","@id":"https:\/\/modelo.criativeweb.com.br\/sindigru\/edital-de-convocacao-de-assembleia-extraordinaria\/#article","isPartOf":{"@id":"https:\/\/modelo.criativeweb.com.br\/sindigru\/edital-de-convocacao-de-assembleia-extraordinaria\/"},"author":{"name":"Roberto","@id":"https:\/\/modelo.criativeweb.com.br\/sindigru\/#\/schema\/person\/ebbf8e182b04c80b29fafd391ba2c71d"},"headline":"Edital de convoca\u00e7\u00e3o de assembleia extraordin\u00e1ria","datePublished":"2024-09-09T12:00:38+00:00","mainEntityOfPage":{"@id":"https:\/\/modelo.criativeweb.com.br\/sindigru\/edital-de-convocacao-de-assembleia-extraordinaria\/"},"wordCount":144,"commentCount":0,"publisher":{"@id":"https:\/\/modelo.criativeweb.com.br\/sindigru\/#organization"},"image":{"@id":"https:\/\/modelo.criativeweb.com.br\/sindigru\/edital-de-convocacao-de-assembleia-extraordinaria\/#primaryimage"},"thumbnailUrl":"https:\/\/modelo.criativeweb.com.br\/sindigru\/wp-content\/uploads\/2026\/05\/09-03-edital.jpg","articleSection":["Not\u00edcias"],"inLanguage":"pt-BR","potentialAction":[{"@type":"CommentAction","name":"Comment","target":["https:\/\/modelo.criativeweb.com.br\/sindigru\/edital-de-convocacao-de-assembleia-extraordinaria\/#respond"]}]},{"@type":"WebPage","@id":"https:\/\/modelo.criativeweb.com.br\/sindigru\/edital-de-convocacao-de-assembleia-extraordinaria\/","url":"https:\/\/modelo.criativeweb.com.br\/sindigru\/edital-de-convocacao-de-assembleia-extraordinaria\/","name":"Edital de convoca\u00e7\u00e3o de assembleia extraordin\u00e1ria - SINDIGRU","isPartOf":{"@id":"https:\/\/modelo.criativeweb.com.br\/sindigru\/#website"},"primaryImageOfPage":{"@id":"https:\/\/modelo.criativeweb.com.br\/sindigru\/edital-de-convocacao-de-assembleia-extraordinaria\/#primaryimage"},"image":{"@id":"https:\/\/modelo.criativeweb.com.br\/sindigru\/edital-de-convocacao-de-assembleia-extraordinaria\/#primaryimage"},"thumbnailUrl":"https:\/\/modelo.criativeweb.com.br\/sindigru\/wp-content\/uploads\/2026\/05\/09-03-edital.jpg","datePublished":"2024-09-09T12:00:38+00:00","breadcrumb":{"@id":"https:\/\/modelo.criativeweb.com.br\/sindigru\/edital-de-convocacao-de-assembleia-extraordinaria\/#breadcrumb"},"inLanguage":"pt-BR","potentialAction":[{"@type":"ReadAction","target":["https:\/\/modelo.criativeweb.com.br\/sindigru\/edital-de-convocacao-de-assembleia-extraordinaria\/"]}]},{"@type":"ImageObject","inLanguage":"pt-BR","@id":"https:\/\/modelo.criativeweb.com.br\/sindigru\/edital-de-convocacao-de-assembleia-extraordinaria\/#primaryimage","url":"https:\/\/modelo.criativeweb.com.br\/sindigru\/wp-content\/uploads\/2026\/05\/09-03-edital.jpg","contentUrl":"https:\/\/modelo.criativeweb.com.br\/sindigru\/wp-content\/uploads\/2026\/05\/09-03-edital.jpg","width":903,"height":710},{"@type":"BreadcrumbList","@id":"https:\/\/modelo.criativeweb.com.br\/sindigru\/edital-de-convocacao-de-assembleia-extraordinaria\/#breadcrumb","itemListElement":[{"@type":"ListItem","position":1,"name":"In\u00edcio","item":"https:\/\/modelo.criativeweb.com.br\/sindigru\/"},{"@type":"ListItem","position":2,"name":"Edital de convoca\u00e7\u00e3o de assembleia extraordin\u00e1ria"}]},{"@type":"WebSite","@id":"https:\/\/modelo.criativeweb.com.br\/sindigru\/#website","url":"https:\/\/modelo.criativeweb.com.br\/sindigru\/","name":"SINDIGRU","description":"Sindicato dos Aerovi\u00e1rios de Guarulhos.","publisher":{"@id":"https:\/\/modelo.criativeweb.com.br\/sindigru\/#organization"},"potentialAction":[{"@type":"SearchAction","target":{"@type":"EntryPoint","urlTemplate":"https:\/\/modelo.criativeweb.com.br\/sindigru\/?s={search_term_string}"},"query-input":{"@type":"PropertyValueSpecification","valueRequired":true,"valueName":"search_term_string"}}],"inLanguage":"pt-BR"},{"@type":"Organization","@id":"https:\/\/modelo.criativeweb.com.br\/sindigru\/#organization","name":"Sindigru","url":"https:\/\/modelo.criativeweb.com.br\/sindigru\/","logo":{"@type":"ImageObject","inLanguage":"pt-BR","@id":"https:\/\/modelo.criativeweb.com.br\/sindigru\/#\/schema\/logo\/image\/","url":"","contentUrl":"","caption":"Sindigru"},"image":{"@id":"https:\/\/modelo.criativeweb.com.br\/sindigru\/#\/schema\/logo\/image\/"},"sameAs":["https:\/\/www.facebook.com\/sindigru","https:\/\/x.com\/sindigru","https:\/\/www.youtube.com\/c\/SINDIGRU-CUT","https:\/\/instagram.com\/sindigru"]},{"@type":"Person","@id":"https:\/\/modelo.criativeweb.com.br\/sindigru\/#\/schema\/person\/ebbf8e182b04c80b29fafd391ba2c71d","name":"Roberto","image":{"@type":"ImageObject","inLanguage":"pt-BR","@id":"https:\/\/secure.gravatar.com\/avatar\/fae9cbedfe570656231ad990f3aa947c7a9b5e6fa73065d842851f30b12ae6b4?s=96&d=mm&r=g","url":"https:\/\/secure.gravatar.com\/avatar\/fae9cbedfe570656231ad990f3aa947c7a9b5e6fa73065d842851f30b12ae6b4?s=96&d=mm&r=g","contentUrl":"https:\/\/secure.gravatar.com\/avatar\/fae9cbedfe570656231ad990f3aa947c7a9b5e6fa73065d842851f30b12ae6b4?s=96&d=mm&r=g","caption":"Roberto"}}]}},"_links":{"self":[{"href":"https:\/\/modelo.criativeweb.com.br\/sindigru\/wp-json\/wp\/v2\/posts\/21729","targetHints":{"allow":["GET"]}}],"collection":[{"href":"https:\/\/modelo.criativeweb.com.br\/sindigru\/wp-json\/wp\/v2\/posts"}],"about":[{"href":"https:\/\/modelo.criativeweb.com.br\/sindigru\/wp-json\/wp\/v2\/types\/post"}],"author":[{"embeddable":true,"href":"https:\/\/modelo.criativeweb.com.br\/sindigru\/wp-json\/wp\/v2\/users\/10"}],"replies":[{"embeddable":true,"href":"https:\/\/modelo.criativeweb.com.br\/sindigru\/wp-json\/wp\/v2\/comments?post=21729"}],"version-history":[{"count":0,"href":"https:\/\/modelo.criativeweb.com.br\/sindigru\/wp-json\/wp\/v2\/posts\/21729\/revisions"}],"wp:featuredmedia":[{"embeddable":true,"href":"https:\/\/modelo.criativeweb.com.br\/sindigru\/wp-json\/wp\/v2\/media\/18585"}],"wp:attachment":[{"href":"https:\/\/modelo.criativeweb.com.br\/sindigru\/wp-json\/wp\/v2\/media?parent=21729"}],"wp:term":[{"taxonomy":"category","embeddable":true,"href":"https:\/\/modelo.criativeweb.com.br\/sindigru\/wp-json\/wp\/v2\/categories?post=21729"},{"taxonomy":"post_tag","embeddable":true,"href":"https:\/\/modelo.criativeweb.com.br\/sindigru\/wp-json\/wp\/v2\/tags?post=21729"}],"curies":[{"name":"wp","href":"https:\/\/api.w.org\/{rel}","templated":true}]}}