{"id":21725,"date":"2024-08-23T10:53:11","date_gmt":"2024-08-23T13:53:11","guid":{"rendered":"https:\/\/modelo.criativeweb.com.br\/sindigru\/aeroviarios-se-mobilizam-para-campanha-salarial-2024-2025-nos-movemos-o-brasil\/"},"modified":"2024-08-23T10:53:11","modified_gmt":"2024-08-23T13:53:11","slug":"aeroviarios-se-mobilizam-para-campanha-salarial-2024-2025-nos-movemos-o-brasil","status":"publish","type":"post","link":"https:\/\/modelo.criativeweb.com.br\/sindigru\/aeroviarios-se-mobilizam-para-campanha-salarial-2024-2025-nos-movemos-o-brasil\/","title":{"rendered":"Aerovi\u00e1rios se mobilizam para Campanha Salarial 2024\/2025: \u201cN\u00f3s Movemos o Brasil\u201d"},"content":{"rendered":"<p>Nos dias 21 e 22 de agosto, os sindicatos filiados \u00e0 FENTAC dos AEROVI\u00c1RIOS, estiveram no SINDIGRU para um semin\u00e1rio preparando nossa Campanha Salarial 2024\/2025.<\/p>\n<p>Al\u00e9m dos \u00edndices, come\u00e7amos a discuss\u00e3o das estrat\u00e9gias, com o chamado \u201cN\u00f3s Movemos o Brasil,\u201d o evento refor\u00e7ou a necessidade urgente de reajustes salariais que reconhe\u00e7am a relev\u00e2ncia dos aerovi\u00e1rios no setor a\u00e9reo.<\/p>\n<p>Os trabalhadores e trabalhadoras aerovi\u00e1rios est\u00e3o determinados na busca por melhores condi\u00e7\u00f5es e sal\u00e1rios, que reflitam o valor do trabalho que realizam diariamente. Sem um reajuste adequado, h\u00e1 uma crescente preocupa\u00e7\u00e3o com a precariza\u00e7\u00e3o do setor, que pode levar \u00e0 migra\u00e7\u00e3o de profissionais qualificados para outras \u00e1reas. Esse movimento amea\u00e7a a qualidade e a seguran\u00e7a dos servi\u00e7os oferecidos pelas companhias a\u00e9reas.<\/p>\n<p>Rodrigo Maciel, presidente do SINDIGRU, enfatizou que a prioridade desta campanha \u00e9 assegurar que os sal\u00e1rios reflitam a responsabilidade e a dedica\u00e7\u00e3o dos trabalhadores.<\/p>\n<blockquote><p>\u201cO foco \u00e9 garantir que o reajuste salarial seja condizente com a import\u00e2ncia do nosso trabalho e a responsabilidade que temos. A seguran\u00e7a da avia\u00e7\u00e3o come\u00e7a com a valoriza\u00e7\u00e3o dos nossos profissionais,\u201d afirmou.<\/p><\/blockquote>\n<p>A reten\u00e7\u00e3o de m\u00e3o de obra qualificada \u00e9 uma das maiores responsabilidades das companhias a\u00e9reas, e isso s\u00f3 ser\u00e1 poss\u00edvel com sal\u00e1rios justos e condi\u00e7\u00f5es de trabalho dignas. A campanha salarial de 2024 \u00e9, portanto, um momento crucial para garantir que os aerovi\u00e1rios sejam devidamente reconhecidos.<\/p>\n<p>Os sindicatos de Aerovi\u00e1rios nos pr\u00f3ximos dias estar\u00e3o submetendo o planejado e as propostas com a categoria profissional em suas bases para que sejam deliberadas pelos trabalhadores em assembleias.<\/p>\n<div class=\"gsp_post_data\" \r\n\t            data-post_type=\"post\" \r\n\t            data-cat=\"noticias\" \r\n\t            data-modified=\"120\"\r\n\t            data-created=\"1724410391\"\r\n\t            data-title=\"Aerovi\u00e1rios se mobilizam para Campanha Salarial 2024\/2025: \u201cN\u00f3s Movemos o Brasil\u201d\" \r\n\t            data-home=\"https:\/\/modelo.criativeweb.com.br\/sindigru\"><\/div>","protected":false},"excerpt":{"rendered":"<p>Semin\u00e1rio realizado no SINDIGRU destaca a import\u00e2ncia de sal\u00e1rios justos para garantir a perman\u00eancia de m\u00e3o de obra qualificada<\/p>\n","protected":false},"author":10,"featured_media":18580,"comment_status":"open","ping_status":"open","sticky":false,"template":"","format":"standard","meta":{"site-sidebar-layout":"default","site-content-layout":"","ast-site-content-layout":"default","site-content-style":"default","site-sidebar-style":"default","ast-global-header-display":"","ast-banner-title-visibility":"","ast-main-header-display":"","ast-hfb-above-header-display":"","ast-hfb-below-header-display":"","ast-hfb-mobile-header-display":"","site-post-title":"","ast-breadcrumbs-content":"","ast-featured-img":"","footer-sml-layout":"","ast-disable-related-posts":"","theme-transparent-header-meta":"","adv-header-id-meta":"","stick-header-meta":"","header-above-stick-meta":"","header-main-stick-meta":"","header-below-stick-meta":"","astra-migrate-meta-layouts":"default","ast-page-background-enabled":"default","ast-page-background-meta":{"desktop":{"background-color":"var(--ast-global-color-5)","background-image":"","background-repeat":"repeat","background-position":"center center","background-size":"auto","background-attachment":"scroll","background-type":"","background-media":"","overlay-type":"","overlay-color":"","overlay-opacity":"","overlay-gradient":""},"tablet":{"background-color":"","background-image":"","background-repeat":"repeat","background-position":"center center","background-size":"auto","background-attachment":"scroll","background-type":"","background-media":"","overlay-type":"","overlay-color":"","overlay-opacity":"","overlay-gradient":""},"mobile":{"background-color":"","background-image":"","background-repeat":"repeat","background-position":"center center","background-size":"auto","background-attachment":"scroll","background-type":"","background-media":"","overlay-type":"","overlay-color":"","overlay-opacity":"","overlay-gradient":""}},"ast-content-background-meta":{"desktop":{"background-color":"var(--ast-global-color-4)","background-image":"","background-repeat":"repeat","background-position":"center center","background-size":"auto","background-attachment":"scroll","background-type":"","background-media":"","overlay-type":"","overlay-color":"","overlay-opacity":"","overlay-gradient":""},"tablet":{"background-color":"var(--ast-global-color-4)","background-image":"","background-repeat":"repeat","background-position":"center center","background-size":"auto","background-attachment":"scroll","background-type":"","background-media":"","overlay-type":"","overlay-color":"","overlay-opacity":"","overlay-gradient":""},"mobile":{"background-color":"var(--ast-global-color-4)","background-image":"","background-repeat":"repeat","background-position":"center center","background-size":"auto","background-attachment":"scroll","background-type":"","background-media":"","overlay-type":"","overlay-color":"","overlay-opacity":"","overlay-gradient":""}},"_joinchat":[],"footnotes":"","_links_to":"","_links_to_target":""},"categories":[3329],"tags":[],"class_list":["post-21725","post","type-post","status-publish","format-standard","has-post-thumbnail","hentry","category-noticias"],"yoast_head":"<!-- This site is optimized with the Yoast SEO plugin v27.5 - https:\/\/yoast.com\/product\/yoast-seo-wordpress\/ -->\n<title>Aerovi\u00e1rios se mobilizam para Campanha Salarial 2024\/2025: \u201cN\u00f3s Movemos o Brasil\u201d - SINDIGRU<\/title>\n<meta name=\"robots\" content=\"index, follow, max-snippet:-1, max-image-preview:large, max-video-preview:-1\" \/>\n<link rel=\"canonical\" href=\"https:\/\/modelo.criativeweb.com.br\/sindigru\/aeroviarios-se-mobilizam-para-campanha-salarial-2024-2025-nos-movemos-o-brasil\/\" \/>\n<meta property=\"og:locale\" content=\"pt_BR\" \/>\n<meta property=\"og:type\" content=\"article\" \/>\n<meta property=\"og:title\" content=\"Aerovi\u00e1rios se mobilizam para Campanha Salarial 2024\/2025: \u201cN\u00f3s Movemos o Brasil\u201d - SINDIGRU\" \/>\n<meta property=\"og:description\" content=\"Semin\u00e1rio realizado no SINDIGRU destaca a import\u00e2ncia de sal\u00e1rios justos para garantir a perman\u00eancia de m\u00e3o de obra qualificada\" \/>\n<meta property=\"og:url\" content=\"https:\/\/modelo.criativeweb.com.br\/sindigru\/aeroviarios-se-mobilizam-para-campanha-salarial-2024-2025-nos-movemos-o-brasil\/\" \/>\n<meta property=\"og:site_name\" content=\"SINDIGRU\" \/>\n<meta property=\"article:publisher\" content=\"https:\/\/www.facebook.com\/sindigru\" \/>\n<meta property=\"article:published_time\" content=\"2024-08-23T13:53:11+00:00\" \/>\n<meta property=\"og:image\" content=\"https:\/\/modelo.criativeweb.com.br\/sindigru\/wp-content\/uploads\/2026\/05\/08-23-campanha1.jpg\" \/>\n\t<meta property=\"og:image:width\" content=\"903\" \/>\n\t<meta property=\"og:image:height\" content=\"710\" \/>\n\t<meta property=\"og:image:type\" content=\"image\/jpeg\" \/>\n<meta name=\"author\" content=\"Roberto\" \/>\n<meta name=\"twitter:card\" content=\"summary_large_image\" \/>\n<meta name=\"twitter:creator\" content=\"@sindigru\" \/>\n<meta name=\"twitter:site\" content=\"@sindigru\" \/>\n<meta name=\"twitter:label1\" content=\"Escrito por\" \/>\n\t<meta name=\"twitter:data1\" content=\"Roberto\" \/>\n\t<meta name=\"twitter:label2\" content=\"Est. tempo de leitura\" \/>\n\t<meta name=\"twitter:data2\" content=\"2 minutos\" \/>\n<script type=\"application\/ld+json\" class=\"yoast-schema-graph\">{\"@context\":\"https:\\\/\\\/schema.org\",\"@graph\":[{\"@type\":\"Article\",\"@id\":\"https:\\\/\\\/modelo.criativeweb.com.br\\\/sindigru\\\/aeroviarios-se-mobilizam-para-campanha-salarial-2024-2025-nos-movemos-o-brasil\\\/#article\",\"isPartOf\":{\"@id\":\"https:\\\/\\\/modelo.criativeweb.com.br\\\/sindigru\\\/aeroviarios-se-mobilizam-para-campanha-salarial-2024-2025-nos-movemos-o-brasil\\\/\"},\"author\":{\"name\":\"Roberto\",\"@id\":\"https:\\\/\\\/modelo.criativeweb.com.br\\\/sindigru\\\/#\\\/schema\\\/person\\\/ebbf8e182b04c80b29fafd391ba2c71d\"},\"headline\":\"Aerovi\u00e1rios se mobilizam para Campanha Salarial 2024\\\/2025: \u201cN\u00f3s Movemos o Brasil\u201d\",\"datePublished\":\"2024-08-23T13:53:11+00:00\",\"mainEntityOfPage\":{\"@id\":\"https:\\\/\\\/modelo.criativeweb.com.br\\\/sindigru\\\/aeroviarios-se-mobilizam-para-campanha-salarial-2024-2025-nos-movemos-o-brasil\\\/\"},\"wordCount\":293,\"commentCount\":0,\"publisher\":{\"@id\":\"https:\\\/\\\/modelo.criativeweb.com.br\\\/sindigru\\\/#organization\"},\"image\":{\"@id\":\"https:\\\/\\\/modelo.criativeweb.com.br\\\/sindigru\\\/aeroviarios-se-mobilizam-para-campanha-salarial-2024-2025-nos-movemos-o-brasil\\\/#primaryimage\"},\"thumbnailUrl\":\"https:\\\/\\\/modelo.criativeweb.com.br\\\/sindigru\\\/wp-content\\\/uploads\\\/2026\\\/05\\\/08-23-campanha1.jpg\",\"articleSection\":[\"Not\u00edcias\"],\"inLanguage\":\"pt-BR\",\"potentialAction\":[{\"@type\":\"CommentAction\",\"name\":\"Comment\",\"target\":[\"https:\\\/\\\/modelo.criativeweb.com.br\\\/sindigru\\\/aeroviarios-se-mobilizam-para-campanha-salarial-2024-2025-nos-movemos-o-brasil\\\/#respond\"]}]},{\"@type\":\"WebPage\",\"@id\":\"https:\\\/\\\/modelo.criativeweb.com.br\\\/sindigru\\\/aeroviarios-se-mobilizam-para-campanha-salarial-2024-2025-nos-movemos-o-brasil\\\/\",\"url\":\"https:\\\/\\\/modelo.criativeweb.com.br\\\/sindigru\\\/aeroviarios-se-mobilizam-para-campanha-salarial-2024-2025-nos-movemos-o-brasil\\\/\",\"name\":\"Aerovi\u00e1rios se mobilizam para Campanha Salarial 2024\\\/2025: \u201cN\u00f3s Movemos o Brasil\u201d - SINDIGRU\",\"isPartOf\":{\"@id\":\"https:\\\/\\\/modelo.criativeweb.com.br\\\/sindigru\\\/#website\"},\"primaryImageOfPage\":{\"@id\":\"https:\\\/\\\/modelo.criativeweb.com.br\\\/sindigru\\\/aeroviarios-se-mobilizam-para-campanha-salarial-2024-2025-nos-movemos-o-brasil\\\/#primaryimage\"},\"image\":{\"@id\":\"https:\\\/\\\/modelo.criativeweb.com.br\\\/sindigru\\\/aeroviarios-se-mobilizam-para-campanha-salarial-2024-2025-nos-movemos-o-brasil\\\/#primaryimage\"},\"thumbnailUrl\":\"https:\\\/\\\/modelo.criativeweb.com.br\\\/sindigru\\\/wp-content\\\/uploads\\\/2026\\\/05\\\/08-23-campanha1.jpg\",\"datePublished\":\"2024-08-23T13:53:11+00:00\",\"breadcrumb\":{\"@id\":\"https:\\\/\\\/modelo.criativeweb.com.br\\\/sindigru\\\/aeroviarios-se-mobilizam-para-campanha-salarial-2024-2025-nos-movemos-o-brasil\\\/#breadcrumb\"},\"inLanguage\":\"pt-BR\",\"potentialAction\":[{\"@type\":\"ReadAction\",\"target\":[\"https:\\\/\\\/modelo.criativeweb.com.br\\\/sindigru\\\/aeroviarios-se-mobilizam-para-campanha-salarial-2024-2025-nos-movemos-o-brasil\\\/\"]}]},{\"@type\":\"ImageObject\",\"inLanguage\":\"pt-BR\",\"@id\":\"https:\\\/\\\/modelo.criativeweb.com.br\\\/sindigru\\\/aeroviarios-se-mobilizam-para-campanha-salarial-2024-2025-nos-movemos-o-brasil\\\/#primaryimage\",\"url\":\"https:\\\/\\\/modelo.criativeweb.com.br\\\/sindigru\\\/wp-content\\\/uploads\\\/2026\\\/05\\\/08-23-campanha1.jpg\",\"contentUrl\":\"https:\\\/\\\/modelo.criativeweb.com.br\\\/sindigru\\\/wp-content\\\/uploads\\\/2026\\\/05\\\/08-23-campanha1.jpg\",\"width\":903,\"height\":710},{\"@type\":\"BreadcrumbList\",\"@id\":\"https:\\\/\\\/modelo.criativeweb.com.br\\\/sindigru\\\/aeroviarios-se-mobilizam-para-campanha-salarial-2024-2025-nos-movemos-o-brasil\\\/#breadcrumb\",\"itemListElement\":[{\"@type\":\"ListItem\",\"position\":1,\"name\":\"In\u00edcio\",\"item\":\"https:\\\/\\\/modelo.criativeweb.com.br\\\/sindigru\\\/\"},{\"@type\":\"ListItem\",\"position\":2,\"name\":\"Aerovi\u00e1rios se mobilizam para Campanha Salarial 2024\\\/2025: \u201cN\u00f3s Movemos o Brasil\u201d\"}]},{\"@type\":\"WebSite\",\"@id\":\"https:\\\/\\\/modelo.criativeweb.com.br\\\/sindigru\\\/#website\",\"url\":\"https:\\\/\\\/modelo.criativeweb.com.br\\\/sindigru\\\/\",\"name\":\"SINDIGRU\",\"description\":\"Sindicato dos Aerovi\u00e1rios de Guarulhos.\",\"publisher\":{\"@id\":\"https:\\\/\\\/modelo.criativeweb.com.br\\\/sindigru\\\/#organization\"},\"potentialAction\":[{\"@type\":\"SearchAction\",\"target\":{\"@type\":\"EntryPoint\",\"urlTemplate\":\"https:\\\/\\\/modelo.criativeweb.com.br\\\/sindigru\\\/?s={search_term_string}\"},\"query-input\":{\"@type\":\"PropertyValueSpecification\",\"valueRequired\":true,\"valueName\":\"search_term_string\"}}],\"inLanguage\":\"pt-BR\"},{\"@type\":\"Organization\",\"@id\":\"https:\\\/\\\/modelo.criativeweb.com.br\\\/sindigru\\\/#organization\",\"name\":\"Sindigru\",\"url\":\"https:\\\/\\\/modelo.criativeweb.com.br\\\/sindigru\\\/\",\"logo\":{\"@type\":\"ImageObject\",\"inLanguage\":\"pt-BR\",\"@id\":\"https:\\\/\\\/modelo.criativeweb.com.br\\\/sindigru\\\/#\\\/schema\\\/logo\\\/image\\\/\",\"url\":\"\",\"contentUrl\":\"\",\"caption\":\"Sindigru\"},\"image\":{\"@id\":\"https:\\\/\\\/modelo.criativeweb.com.br\\\/sindigru\\\/#\\\/schema\\\/logo\\\/image\\\/\"},\"sameAs\":[\"https:\\\/\\\/www.facebook.com\\\/sindigru\",\"https:\\\/\\\/x.com\\\/sindigru\",\"https:\\\/\\\/www.youtube.com\\\/c\\\/SINDIGRU-CUT\",\"https:\\\/\\\/instagram.com\\\/sindigru\"]},{\"@type\":\"Person\",\"@id\":\"https:\\\/\\\/modelo.criativeweb.com.br\\\/sindigru\\\/#\\\/schema\\\/person\\\/ebbf8e182b04c80b29fafd391ba2c71d\",\"name\":\"Roberto\",\"image\":{\"@type\":\"ImageObject\",\"inLanguage\":\"pt-BR\",\"@id\":\"https:\\\/\\\/secure.gravatar.com\\\/avatar\\\/fae9cbedfe570656231ad990f3aa947c7a9b5e6fa73065d842851f30b12ae6b4?s=96&d=mm&r=g\",\"url\":\"https:\\\/\\\/secure.gravatar.com\\\/avatar\\\/fae9cbedfe570656231ad990f3aa947c7a9b5e6fa73065d842851f30b12ae6b4?s=96&d=mm&r=g\",\"contentUrl\":\"https:\\\/\\\/secure.gravatar.com\\\/avatar\\\/fae9cbedfe570656231ad990f3aa947c7a9b5e6fa73065d842851f30b12ae6b4?s=96&d=mm&r=g\",\"caption\":\"Roberto\"}}]}<\/script>\n<!-- \/ Yoast SEO plugin. -->","yoast_head_json":{"title":"Aerovi\u00e1rios se mobilizam para Campanha Salarial 2024\/2025: \u201cN\u00f3s Movemos o Brasil\u201d - SINDIGRU","robots":{"index":"index","follow":"follow","max-snippet":"max-snippet:-1","max-image-preview":"max-image-preview:large","max-video-preview":"max-video-preview:-1"},"canonical":"https:\/\/modelo.criativeweb.com.br\/sindigru\/aeroviarios-se-mobilizam-para-campanha-salarial-2024-2025-nos-movemos-o-brasil\/","og_locale":"pt_BR","og_type":"article","og_title":"Aerovi\u00e1rios se mobilizam para Campanha Salarial 2024\/2025: \u201cN\u00f3s Movemos o Brasil\u201d - SINDIGRU","og_description":"Semin\u00e1rio realizado no SINDIGRU destaca a import\u00e2ncia de sal\u00e1rios justos para garantir a perman\u00eancia de m\u00e3o de obra qualificada","og_url":"https:\/\/modelo.criativeweb.com.br\/sindigru\/aeroviarios-se-mobilizam-para-campanha-salarial-2024-2025-nos-movemos-o-brasil\/","og_site_name":"SINDIGRU","article_publisher":"https:\/\/www.facebook.com\/sindigru","article_published_time":"2024-08-23T13:53:11+00:00","og_image":[{"width":903,"height":710,"url":"https:\/\/modelo.criativeweb.com.br\/sindigru\/wp-content\/uploads\/2026\/05\/08-23-campanha1.jpg","type":"image\/jpeg"}],"author":"Roberto","twitter_card":"summary_large_image","twitter_creator":"@sindigru","twitter_site":"@sindigru","twitter_misc":{"Escrito por":"Roberto","Est. tempo de leitura":"2 minutos"},"schema":{"@context":"https:\/\/schema.org","@graph":[{"@type":"Article","@id":"https:\/\/modelo.criativeweb.com.br\/sindigru\/aeroviarios-se-mobilizam-para-campanha-salarial-2024-2025-nos-movemos-o-brasil\/#article","isPartOf":{"@id":"https:\/\/modelo.criativeweb.com.br\/sindigru\/aeroviarios-se-mobilizam-para-campanha-salarial-2024-2025-nos-movemos-o-brasil\/"},"author":{"name":"Roberto","@id":"https:\/\/modelo.criativeweb.com.br\/sindigru\/#\/schema\/person\/ebbf8e182b04c80b29fafd391ba2c71d"},"headline":"Aerovi\u00e1rios se mobilizam para Campanha Salarial 2024\/2025: \u201cN\u00f3s Movemos o Brasil\u201d","datePublished":"2024-08-23T13:53:11+00:00","mainEntityOfPage":{"@id":"https:\/\/modelo.criativeweb.com.br\/sindigru\/aeroviarios-se-mobilizam-para-campanha-salarial-2024-2025-nos-movemos-o-brasil\/"},"wordCount":293,"commentCount":0,"publisher":{"@id":"https:\/\/modelo.criativeweb.com.br\/sindigru\/#organization"},"image":{"@id":"https:\/\/modelo.criativeweb.com.br\/sindigru\/aeroviarios-se-mobilizam-para-campanha-salarial-2024-2025-nos-movemos-o-brasil\/#primaryimage"},"thumbnailUrl":"https:\/\/modelo.criativeweb.com.br\/sindigru\/wp-content\/uploads\/2026\/05\/08-23-campanha1.jpg","articleSection":["Not\u00edcias"],"inLanguage":"pt-BR","potentialAction":[{"@type":"CommentAction","name":"Comment","target":["https:\/\/modelo.criativeweb.com.br\/sindigru\/aeroviarios-se-mobilizam-para-campanha-salarial-2024-2025-nos-movemos-o-brasil\/#respond"]}]},{"@type":"WebPage","@id":"https:\/\/modelo.criativeweb.com.br\/sindigru\/aeroviarios-se-mobilizam-para-campanha-salarial-2024-2025-nos-movemos-o-brasil\/","url":"https:\/\/modelo.criativeweb.com.br\/sindigru\/aeroviarios-se-mobilizam-para-campanha-salarial-2024-2025-nos-movemos-o-brasil\/","name":"Aerovi\u00e1rios se mobilizam para Campanha Salarial 2024\/2025: \u201cN\u00f3s Movemos o Brasil\u201d - SINDIGRU","isPartOf":{"@id":"https:\/\/modelo.criativeweb.com.br\/sindigru\/#website"},"primaryImageOfPage":{"@id":"https:\/\/modelo.criativeweb.com.br\/sindigru\/aeroviarios-se-mobilizam-para-campanha-salarial-2024-2025-nos-movemos-o-brasil\/#primaryimage"},"image":{"@id":"https:\/\/modelo.criativeweb.com.br\/sindigru\/aeroviarios-se-mobilizam-para-campanha-salarial-2024-2025-nos-movemos-o-brasil\/#primaryimage"},"thumbnailUrl":"https:\/\/modelo.criativeweb.com.br\/sindigru\/wp-content\/uploads\/2026\/05\/08-23-campanha1.jpg","datePublished":"2024-08-23T13:53:11+00:00","breadcrumb":{"@id":"https:\/\/modelo.criativeweb.com.br\/sindigru\/aeroviarios-se-mobilizam-para-campanha-salarial-2024-2025-nos-movemos-o-brasil\/#breadcrumb"},"inLanguage":"pt-BR","potentialAction":[{"@type":"ReadAction","target":["https:\/\/modelo.criativeweb.com.br\/sindigru\/aeroviarios-se-mobilizam-para-campanha-salarial-2024-2025-nos-movemos-o-brasil\/"]}]},{"@type":"ImageObject","inLanguage":"pt-BR","@id":"https:\/\/modelo.criativeweb.com.br\/sindigru\/aeroviarios-se-mobilizam-para-campanha-salarial-2024-2025-nos-movemos-o-brasil\/#primaryimage","url":"https:\/\/modelo.criativeweb.com.br\/sindigru\/wp-content\/uploads\/2026\/05\/08-23-campanha1.jpg","contentUrl":"https:\/\/modelo.criativeweb.com.br\/sindigru\/wp-content\/uploads\/2026\/05\/08-23-campanha1.jpg","width":903,"height":710},{"@type":"BreadcrumbList","@id":"https:\/\/modelo.criativeweb.com.br\/sindigru\/aeroviarios-se-mobilizam-para-campanha-salarial-2024-2025-nos-movemos-o-brasil\/#breadcrumb","itemListElement":[{"@type":"ListItem","position":1,"name":"In\u00edcio","item":"https:\/\/modelo.criativeweb.com.br\/sindigru\/"},{"@type":"ListItem","position":2,"name":"Aerovi\u00e1rios se mobilizam para Campanha Salarial 2024\/2025: \u201cN\u00f3s Movemos o Brasil\u201d"}]},{"@type":"WebSite","@id":"https:\/\/modelo.criativeweb.com.br\/sindigru\/#website","url":"https:\/\/modelo.criativeweb.com.br\/sindigru\/","name":"SINDIGRU","description":"Sindicato dos Aerovi\u00e1rios de Guarulhos.","publisher":{"@id":"https:\/\/modelo.criativeweb.com.br\/sindigru\/#organization"},"potentialAction":[{"@type":"SearchAction","target":{"@type":"EntryPoint","urlTemplate":"https:\/\/modelo.criativeweb.com.br\/sindigru\/?s={search_term_string}"},"query-input":{"@type":"PropertyValueSpecification","valueRequired":true,"valueName":"search_term_string"}}],"inLanguage":"pt-BR"},{"@type":"Organization","@id":"https:\/\/modelo.criativeweb.com.br\/sindigru\/#organization","name":"Sindigru","url":"https:\/\/modelo.criativeweb.com.br\/sindigru\/","logo":{"@type":"ImageObject","inLanguage":"pt-BR","@id":"https:\/\/modelo.criativeweb.com.br\/sindigru\/#\/schema\/logo\/image\/","url":"","contentUrl":"","caption":"Sindigru"},"image":{"@id":"https:\/\/modelo.criativeweb.com.br\/sindigru\/#\/schema\/logo\/image\/"},"sameAs":["https:\/\/www.facebook.com\/sindigru","https:\/\/x.com\/sindigru","https:\/\/www.youtube.com\/c\/SINDIGRU-CUT","https:\/\/instagram.com\/sindigru"]},{"@type":"Person","@id":"https:\/\/modelo.criativeweb.com.br\/sindigru\/#\/schema\/person\/ebbf8e182b04c80b29fafd391ba2c71d","name":"Roberto","image":{"@type":"ImageObject","inLanguage":"pt-BR","@id":"https:\/\/secure.gravatar.com\/avatar\/fae9cbedfe570656231ad990f3aa947c7a9b5e6fa73065d842851f30b12ae6b4?s=96&d=mm&r=g","url":"https:\/\/secure.gravatar.com\/avatar\/fae9cbedfe570656231ad990f3aa947c7a9b5e6fa73065d842851f30b12ae6b4?s=96&d=mm&r=g","contentUrl":"https:\/\/secure.gravatar.com\/avatar\/fae9cbedfe570656231ad990f3aa947c7a9b5e6fa73065d842851f30b12ae6b4?s=96&d=mm&r=g","caption":"Roberto"}}]}},"_links":{"self":[{"href":"https:\/\/modelo.criativeweb.com.br\/sindigru\/wp-json\/wp\/v2\/posts\/21725","targetHints":{"allow":["GET"]}}],"collection":[{"href":"https:\/\/modelo.criativeweb.com.br\/sindigru\/wp-json\/wp\/v2\/posts"}],"about":[{"href":"https:\/\/modelo.criativeweb.com.br\/sindigru\/wp-json\/wp\/v2\/types\/post"}],"author":[{"embeddable":true,"href":"https:\/\/modelo.criativeweb.com.br\/sindigru\/wp-json\/wp\/v2\/users\/10"}],"replies":[{"embeddable":true,"href":"https:\/\/modelo.criativeweb.com.br\/sindigru\/wp-json\/wp\/v2\/comments?post=21725"}],"version-history":[{"count":0,"href":"https:\/\/modelo.criativeweb.com.br\/sindigru\/wp-json\/wp\/v2\/posts\/21725\/revisions"}],"wp:featuredmedia":[{"embeddable":true,"href":"https:\/\/modelo.criativeweb.com.br\/sindigru\/wp-json\/wp\/v2\/media\/18580"}],"wp:attachment":[{"href":"https:\/\/modelo.criativeweb.com.br\/sindigru\/wp-json\/wp\/v2\/media?parent=21725"}],"wp:term":[{"taxonomy":"category","embeddable":true,"href":"https:\/\/modelo.criativeweb.com.br\/sindigru\/wp-json\/wp\/v2\/categories?post=21725"},{"taxonomy":"post_tag","embeddable":true,"href":"https:\/\/modelo.criativeweb.com.br\/sindigru\/wp-json\/wp\/v2\/tags?post=21725"}],"curies":[{"name":"wp","href":"https:\/\/api.w.org\/{rel}","templated":true}]}}